{"id":1342,"date":"2021-10-12T16:02:59","date_gmt":"2021-10-12T16:02:59","guid":{"rendered":"https:\/\/www.izhiq.org.al\/?p=1342"},"modified":"2021-11-03T11:13:10","modified_gmt":"2021-11-03T11:13:10","slug":"fiskalizimi-ne-faturat-e-enerigjise-elektrike","status":"publish","type":"post","link":"https:\/\/www.izhiq.org.al\/en\/2021\/10\/12\/fiskalizimi-ne-faturat-e-enerigjise-elektrike\/","title":{"rendered":"Fiskalizimi n\u00eb faturat e enerigjis\u00eb elektrike."},"content":{"rendered":"<p>Ja si do t\u2019i paguajn\u00eb qytetar\u00ebt faturat e energjis\u00eb elektrike nga 1 shtatori<\/p>\n<p>1.2 milion\u00eb abonent\u00eb t\u00eb OSHEE do t\u00eb fillojn\u00eb ta paguajn\u00eb energjin\u00eb elektrike me fatura t\u00eb fiskalizuara. Nga gushti i k\u00ebtij viti do t\u00eb paguajn\u00eb p\u00ebrmes k\u00ebsaj platform\u00eb bizneset, nd\u00ebrsa familjet do t\u00eb nisin nga 1 shtatori.<\/p>\n<p>Administratori i Furnizuesit t\u00eb Sh\u00ebrbimit Universal, Elton Sevrani u b\u00ebn thirrje t\u00eb gjitha bizneseve t\u00eb shkojn\u00eb p\u00ebr t\u00eb p\u00ebrdit\u00ebsuar t\u00eb dh\u00ebnat, p\u00ebr t\u2019i patur ato t\u00eb sakta.<\/p>\n<p>\u201cDuhet t\u00eb ken\u00eb t\u00eb sakta t\u00eb dh\u00ebnat e niptit, t\u00eb emrit t\u00eb kompanis\u00eb ku \u00ebsht\u00eb kontrata. N\u00ebse ka patur ndryshime nga SHPK n\u00eb sha p\u00ebr shembull, t\u00eb shkojn\u00eb dhe ta p\u00ebrdit\u00ebsojn\u00eb, sepse \u00ebsht\u00eb e r\u00ebnd\u00ebsishme p\u00ebr ta q\u00eb t\u2019u njihet fatura si shpenzim nga tatimet,\u201d \u2013ka th\u00ebn\u00eb Sevrani n\u00eb nj\u00eb intervist\u00eb p\u00ebr TV Klan.<\/p>\n<p>Ai shtoi se p\u00ebr konsumator\u00ebt familjar\u00eb nuk do t\u00eb ket\u00eb ndryshime n\u00eb m\u00ebnyr\u00ebn e pages\u00ebs, vet\u00ebm t\u00eb dh\u00ebnat duhet t\u2019i ken\u00eb t\u00eb sakta. P\u00ebrdit\u00ebsimin me sistemin e AKSHI-t do ta b\u00ebj\u00eb vet\u00eb kompania.<\/p>","protected":false},"excerpt":{"rendered":"<p>Ja si do t\u2019i paguajn\u00eb qytetar\u00ebt faturat e energjis\u00eb elektrike nga 1 shtatori 1.2 milion\u00eb abonent\u00eb t\u00eb OSHEE do t\u00eb fillojn\u00eb &#8230;<\/p>","protected":false},"author":1,"featured_media":1343,"comment_status":"closed","ping_status":"closed","sticky":false,"template":"","format":"standard","meta":{"_vp_format_video_url":"","_vp_image_focal_point":[],"footnotes":"","_links_to":"","_links_to_target":""},"categories":[46],"tags":[],"class_list":["post-1342","post","type-post","status-publish","format-standard","hentry","category-lajmet-e-fundit"],"yoast_head":"<!-- This site is optimized with the Yoast SEO plugin v27.5 - https:\/\/yoast.com\/product\/yoast-seo-wordpress\/ -->\n<title>Fiskalizimi n\u00eb faturat e enerigjis\u00eb elektrike. - Instituti per Zhvillim dhe Inisiativa Qytetare<\/title>\n<meta name=\"robots\" content=\"index, follow, max-snippet:-1, max-image-preview:large, max-video-preview:-1\" \/>\n<link rel=\"canonical\" href=\"https:\/\/www.izhiq.org.al\/en\/2021\/10\/12\/fiskalizimi-ne-faturat-e-enerigjise-elektrike\/\" \/>\n<meta property=\"og:locale\" content=\"en_US\" \/>\n<meta property=\"og:type\" content=\"article\" \/>\n<meta property=\"og:title\" content=\"Fiskalizimi n\u00eb faturat e enerigjis\u00eb elektrike. - Instituti per Zhvillim dhe Inisiativa Qytetare\" \/>\n<meta property=\"og:description\" content=\"Ja si do t\u2019i paguajn\u00eb qytetar\u00ebt faturat e energjis\u00eb elektrike nga 1 shtatori 1.2 milion\u00eb abonent\u00eb t\u00eb OSHEE do t\u00eb fillojn\u00eb ...\" \/>\n<meta property=\"og:url\" content=\"https:\/\/www.izhiq.org.al\/en\/2021\/10\/12\/fiskalizimi-ne-faturat-e-enerigjise-elektrike\/\" \/>\n<meta property=\"og:site_name\" content=\"Instituti per Zhvillim dhe Inisiativa Qytetare\" \/>\n<meta property=\"article:published_time\" content=\"2021-10-12T16:02:59+00:00\" \/>\n<meta property=\"article:modified_time\" content=\"2021-11-03T11:13:10+00:00\" \/>\n<meta property=\"og:image\" content=\"https:\/\/www.izhiq.org.al\/wp-content\/uploads\/2021\/10\/ftt-2.jpg\" \/>\n\t<meta property=\"og:image:width\" content=\"640\" \/>\n\t<meta property=\"og:image:height\" content=\"320\" \/>\n\t<meta property=\"og:image:type\" content=\"image\/jpeg\" \/>\n<meta name=\"author\" content=\"izhiqytetare_10ociur3\" \/>\n<meta name=\"twitter:card\" content=\"summary_large_image\" \/>\n<meta name=\"twitter:label1\" content=\"Written by\" \/>\n\t<meta name=\"twitter:data1\" content=\"izhiqytetare_10ociur3\" \/>\n\t<meta name=\"twitter:label2\" content=\"Est. reading time\" \/>\n\t<meta name=\"twitter:data2\" content=\"1 minute\" \/>\n<script type=\"application\/ld+json\" class=\"yoast-schema-graph\">{\"@context\":\"https:\\\/\\\/schema.org\",\"@graph\":[{\"@type\":\"Article\",\"@id\":\"https:\\\/\\\/www.izhiq.org.al\\\/2021\\\/10\\\/12\\\/fiskalizimi-ne-faturat-e-enerigjise-elektrike\\\/#article\",\"isPartOf\":{\"@id\":\"https:\\\/\\\/www.izhiq.org.al\\\/2021\\\/10\\\/12\\\/fiskalizimi-ne-faturat-e-enerigjise-elektrike\\\/\"},\"author\":{\"name\":\"izhiqytetare_10ociur3\",\"@id\":\"https:\\\/\\\/www.izhiq.org.al\\\/#\\\/schema\\\/person\\\/c1a3e4c45da89424d5916c4293984226\"},\"headline\":\"Fiskalizimi n\u00eb faturat e enerigjis\u00eb elektrike.\",\"datePublished\":\"2021-10-12T16:02:59+00:00\",\"dateModified\":\"2021-11-03T11:13:10+00:00\",\"mainEntityOfPage\":{\"@id\":\"https:\\\/\\\/www.izhiq.org.al\\\/2021\\\/10\\\/12\\\/fiskalizimi-ne-faturat-e-enerigjise-elektrike\\\/\"},\"wordCount\":202,\"image\":{\"@id\":\"https:\\\/\\\/www.izhiq.org.al\\\/2021\\\/10\\\/12\\\/fiskalizimi-ne-faturat-e-enerigjise-elektrike\\\/#primaryimage\"},\"thumbnailUrl\":\"https:\\\/\\\/www.izhiq.org.al\\\/wp-content\\\/uploads\\\/2021\\\/10\\\/ftt-2.jpg\",\"articleSection\":[\"Lajmet e fundit\"],\"inLanguage\":\"en-US\"},{\"@type\":\"WebPage\",\"@id\":\"https:\\\/\\\/www.izhiq.org.al\\\/2021\\\/10\\\/12\\\/fiskalizimi-ne-faturat-e-enerigjise-elektrike\\\/\",\"url\":\"https:\\\/\\\/www.izhiq.org.al\\\/2021\\\/10\\\/12\\\/fiskalizimi-ne-faturat-e-enerigjise-elektrike\\\/\",\"name\":\"Fiskalizimi n\u00eb faturat e enerigjis\u00eb elektrike. - Instituti per Zhvillim dhe Inisiativa Qytetare\",\"isPartOf\":{\"@id\":\"https:\\\/\\\/www.izhiq.org.al\\\/#website\"},\"primaryImageOfPage\":{\"@id\":\"https:\\\/\\\/www.izhiq.org.al\\\/2021\\\/10\\\/12\\\/fiskalizimi-ne-faturat-e-enerigjise-elektrike\\\/#primaryimage\"},\"image\":{\"@id\":\"https:\\\/\\\/www.izhiq.org.al\\\/2021\\\/10\\\/12\\\/fiskalizimi-ne-faturat-e-enerigjise-elektrike\\\/#primaryimage\"},\"thumbnailUrl\":\"https:\\\/\\\/www.izhiq.org.al\\\/wp-content\\\/uploads\\\/2021\\\/10\\\/ftt-2.jpg\",\"datePublished\":\"2021-10-12T16:02:59+00:00\",\"dateModified\":\"2021-11-03T11:13:10+00:00\",\"author\":{\"@id\":\"https:\\\/\\\/www.izhiq.org.al\\\/#\\\/schema\\\/person\\\/c1a3e4c45da89424d5916c4293984226\"},\"breadcrumb\":{\"@id\":\"https:\\\/\\\/www.izhiq.org.al\\\/2021\\\/10\\\/12\\\/fiskalizimi-ne-faturat-e-enerigjise-elektrike\\\/#breadcrumb\"},\"inLanguage\":\"en-US\",\"potentialAction\":[{\"@type\":\"ReadAction\",\"target\":[\"https:\\\/\\\/www.izhiq.org.al\\\/2021\\\/10\\\/12\\\/fiskalizimi-ne-faturat-e-enerigjise-elektrike\\\/\"]}]},{\"@type\":\"ImageObject\",\"inLanguage\":\"en-US\",\"@id\":\"https:\\\/\\\/www.izhiq.org.al\\\/2021\\\/10\\\/12\\\/fiskalizimi-ne-faturat-e-enerigjise-elektrike\\\/#primaryimage\",\"url\":\"https:\\\/\\\/www.izhiq.org.al\\\/wp-content\\\/uploads\\\/2021\\\/10\\\/ftt-2.jpg\",\"contentUrl\":\"https:\\\/\\\/www.izhiq.org.al\\\/wp-content\\\/uploads\\\/2021\\\/10\\\/ftt-2.jpg\",\"width\":640,\"height\":320},{\"@type\":\"BreadcrumbList\",\"@id\":\"https:\\\/\\\/www.izhiq.org.al\\\/2021\\\/10\\\/12\\\/fiskalizimi-ne-faturat-e-enerigjise-elektrike\\\/#breadcrumb\",\"itemListElement\":[{\"@type\":\"ListItem\",\"position\":1,\"name\":\"Home\",\"item\":\"https:\\\/\\\/www.izhiq.org.al\\\/\"},{\"@type\":\"ListItem\",\"position\":2,\"name\":\"Fiskalizimi n\u00eb faturat e enerigjis\u00eb elektrike.\"}]},{\"@type\":\"WebSite\",\"@id\":\"https:\\\/\\\/www.izhiq.org.al\\\/#website\",\"url\":\"https:\\\/\\\/www.izhiq.org.al\\\/\",\"name\":\"Instituti per Zhvillim dhe Inisiativa Qytetare\",\"description\":\"Instituti per Zhvillim dhe Inisiativa Qytetare\",\"potentialAction\":[{\"@type\":\"SearchAction\",\"target\":{\"@type\":\"EntryPoint\",\"urlTemplate\":\"https:\\\/\\\/www.izhiq.org.al\\\/?s={search_term_string}\"},\"query-input\":{\"@type\":\"PropertyValueSpecification\",\"valueRequired\":true,\"valueName\":\"search_term_string\"}}],\"inLanguage\":\"en-US\"},{\"@type\":\"Person\",\"@id\":\"https:\\\/\\\/www.izhiq.org.al\\\/#\\\/schema\\\/person\\\/c1a3e4c45da89424d5916c4293984226\",\"name\":\"izhiqytetare_10ociur3\",\"image\":{\"@type\":\"ImageObject\",\"inLanguage\":\"en-US\",\"@id\":\"https:\\\/\\\/secure.gravatar.com\\\/avatar\\\/19f834a2cd7a37b79f3955707ae62ec436edc8c8fd0a18a0e554940f8d7ef8e2?s=96&d=mm&r=g\",\"url\":\"https:\\\/\\\/secure.gravatar.com\\\/avatar\\\/19f834a2cd7a37b79f3955707ae62ec436edc8c8fd0a18a0e554940f8d7ef8e2?s=96&d=mm&r=g\",\"contentUrl\":\"https:\\\/\\\/secure.gravatar.com\\\/avatar\\\/19f834a2cd7a37b79f3955707ae62ec436edc8c8fd0a18a0e554940f8d7ef8e2?s=96&d=mm&r=g\",\"caption\":\"izhiqytetare_10ociur3\"},\"sameAs\":[\"https:\\\/\\\/www.izhiq.org.al\"],\"url\":\"https:\\\/\\\/www.izhiq.org.al\\\/en\\\/author\\\/izhiqytetare_10ociur3\\\/\"}]}<\/script>\n<!-- \/ Yoast SEO plugin. -->","yoast_head_json":{"title":"Fiskalizimi n\u00eb faturat e enerigjis\u00eb elektrike. - Instituti per Zhvillim dhe Inisiativa Qytetare","robots":{"index":"index","follow":"follow","max-snippet":"max-snippet:-1","max-image-preview":"max-image-preview:large","max-video-preview":"max-video-preview:-1"},"canonical":"https:\/\/www.izhiq.org.al\/en\/2021\/10\/12\/fiskalizimi-ne-faturat-e-enerigjise-elektrike\/","og_locale":"en_US","og_type":"article","og_title":"Fiskalizimi n\u00eb faturat e enerigjis\u00eb elektrike. - Instituti per Zhvillim dhe Inisiativa Qytetare","og_description":"Ja si do t\u2019i paguajn\u00eb qytetar\u00ebt faturat e energjis\u00eb elektrike nga 1 shtatori 1.2 milion\u00eb abonent\u00eb t\u00eb OSHEE do t\u00eb fillojn\u00eb ...","og_url":"https:\/\/www.izhiq.org.al\/en\/2021\/10\/12\/fiskalizimi-ne-faturat-e-enerigjise-elektrike\/","og_site_name":"Instituti per Zhvillim dhe Inisiativa Qytetare","article_published_time":"2021-10-12T16:02:59+00:00","article_modified_time":"2021-11-03T11:13:10+00:00","og_image":[{"width":640,"height":320,"url":"https:\/\/www.izhiq.org.al\/wp-content\/uploads\/2021\/10\/ftt-2.jpg","type":"image\/jpeg"}],"author":"izhiqytetare_10ociur3","twitter_card":"summary_large_image","twitter_misc":{"Written by":"izhiqytetare_10ociur3","Est. reading time":"1 minute"},"schema":{"@context":"https:\/\/schema.org","@graph":[{"@type":"Article","@id":"https:\/\/www.izhiq.org.al\/2021\/10\/12\/fiskalizimi-ne-faturat-e-enerigjise-elektrike\/#article","isPartOf":{"@id":"https:\/\/www.izhiq.org.al\/2021\/10\/12\/fiskalizimi-ne-faturat-e-enerigjise-elektrike\/"},"author":{"name":"izhiqytetare_10ociur3","@id":"https:\/\/www.izhiq.org.al\/#\/schema\/person\/c1a3e4c45da89424d5916c4293984226"},"headline":"Fiskalizimi n\u00eb faturat e enerigjis\u00eb elektrike.","datePublished":"2021-10-12T16:02:59+00:00","dateModified":"2021-11-03T11:13:10+00:00","mainEntityOfPage":{"@id":"https:\/\/www.izhiq.org.al\/2021\/10\/12\/fiskalizimi-ne-faturat-e-enerigjise-elektrike\/"},"wordCount":202,"image":{"@id":"https:\/\/www.izhiq.org.al\/2021\/10\/12\/fiskalizimi-ne-faturat-e-enerigjise-elektrike\/#primaryimage"},"thumbnailUrl":"https:\/\/www.izhiq.org.al\/wp-content\/uploads\/2021\/10\/ftt-2.jpg","articleSection":["Lajmet e fundit"],"inLanguage":"en-US"},{"@type":"WebPage","@id":"https:\/\/www.izhiq.org.al\/2021\/10\/12\/fiskalizimi-ne-faturat-e-enerigjise-elektrike\/","url":"https:\/\/www.izhiq.org.al\/2021\/10\/12\/fiskalizimi-ne-faturat-e-enerigjise-elektrike\/","name":"Fiskalizimi n\u00eb faturat e enerigjis\u00eb elektrike. - Instituti per Zhvillim dhe Inisiativa Qytetare","isPartOf":{"@id":"https:\/\/www.izhiq.org.al\/#website"},"primaryImageOfPage":{"@id":"https:\/\/www.izhiq.org.al\/2021\/10\/12\/fiskalizimi-ne-faturat-e-enerigjise-elektrike\/#primaryimage"},"image":{"@id":"https:\/\/www.izhiq.org.al\/2021\/10\/12\/fiskalizimi-ne-faturat-e-enerigjise-elektrike\/#primaryimage"},"thumbnailUrl":"https:\/\/www.izhiq.org.al\/wp-content\/uploads\/2021\/10\/ftt-2.jpg","datePublished":"2021-10-12T16:02:59+00:00","dateModified":"2021-11-03T11:13:10+00:00","author":{"@id":"https:\/\/www.izhiq.org.al\/#\/schema\/person\/c1a3e4c45da89424d5916c4293984226"},"breadcrumb":{"@id":"https:\/\/www.izhiq.org.al\/2021\/10\/12\/fiskalizimi-ne-faturat-e-enerigjise-elektrike\/#breadcrumb"},"inLanguage":"en-US","potentialAction":[{"@type":"ReadAction","target":["https:\/\/www.izhiq.org.al\/2021\/10\/12\/fiskalizimi-ne-faturat-e-enerigjise-elektrike\/"]}]},{"@type":"ImageObject","inLanguage":"en-US","@id":"https:\/\/www.izhiq.org.al\/2021\/10\/12\/fiskalizimi-ne-faturat-e-enerigjise-elektrike\/#primaryimage","url":"https:\/\/www.izhiq.org.al\/wp-content\/uploads\/2021\/10\/ftt-2.jpg","contentUrl":"https:\/\/www.izhiq.org.al\/wp-content\/uploads\/2021\/10\/ftt-2.jpg","width":640,"height":320},{"@type":"BreadcrumbList","@id":"https:\/\/www.izhiq.org.al\/2021\/10\/12\/fiskalizimi-ne-faturat-e-enerigjise-elektrike\/#breadcrumb","itemListElement":[{"@type":"ListItem","position":1,"name":"Home","item":"https:\/\/www.izhiq.org.al\/"},{"@type":"ListItem","position":2,"name":"Fiskalizimi n\u00eb faturat e enerigjis\u00eb elektrike."}]},{"@type":"WebSite","@id":"https:\/\/www.izhiq.org.al\/#website","url":"https:\/\/www.izhiq.org.al\/","name":"Instituti per Zhvillim dhe Inisiativa Qytetare","description":"Instituti per Zhvillim dhe Inisiativa Qytetare","potentialAction":[{"@type":"SearchAction","target":{"@type":"EntryPoint","urlTemplate":"https:\/\/www.izhiq.org.al\/?s={search_term_string}"},"query-input":{"@type":"PropertyValueSpecification","valueRequired":true,"valueName":"search_term_string"}}],"inLanguage":"en-US"},{"@type":"Person","@id":"https:\/\/www.izhiq.org.al\/#\/schema\/person\/c1a3e4c45da89424d5916c4293984226","name":"izhiqytetare_10ociur3","image":{"@type":"ImageObject","inLanguage":"en-US","@id":"https:\/\/secure.gravatar.com\/avatar\/19f834a2cd7a37b79f3955707ae62ec436edc8c8fd0a18a0e554940f8d7ef8e2?s=96&d=mm&r=g","url":"https:\/\/secure.gravatar.com\/avatar\/19f834a2cd7a37b79f3955707ae62ec436edc8c8fd0a18a0e554940f8d7ef8e2?s=96&d=mm&r=g","contentUrl":"https:\/\/secure.gravatar.com\/avatar\/19f834a2cd7a37b79f3955707ae62ec436edc8c8fd0a18a0e554940f8d7ef8e2?s=96&d=mm&r=g","caption":"izhiqytetare_10ociur3"},"sameAs":["https:\/\/www.izhiq.org.al"],"url":"https:\/\/www.izhiq.org.al\/en\/author\/izhiqytetare_10ociur3\/"}]}},"rttpg_featured_image_url":{"full":["https:\/\/www.izhiq.org.al\/wp-content\/uploads\/2021\/10\/ftt-2.jpg",640,320,false],"landscape":["https:\/\/www.izhiq.org.al\/wp-content\/uploads\/2021\/10\/ftt-2.jpg",640,320,false],"portraits":["https:\/\/www.izhiq.org.al\/wp-content\/uploads\/2021\/10\/ftt-2.jpg",640,320,false],"thumbnail":["https:\/\/www.izhiq.org.al\/wp-content\/uploads\/2021\/10\/ftt-2-150x150.jpg",150,150,true],"medium":["https:\/\/www.izhiq.org.al\/wp-content\/uploads\/2021\/10\/ftt-2-300x150.jpg",300,150,true],"large":["https:\/\/www.izhiq.org.al\/wp-content\/uploads\/2021\/10\/ftt-2.jpg",640,320,false],"1536x1536":["https:\/\/www.izhiq.org.al\/wp-content\/uploads\/2021\/10\/ftt-2.jpg",640,320,false],"2048x2048":["https:\/\/www.izhiq.org.al\/wp-content\/uploads\/2021\/10\/ftt-2.jpg",640,320,false],"trp-custom-language-flag":["https:\/\/www.izhiq.org.al\/wp-content\/uploads\/2021\/10\/ftt-2-18x9.jpg",18,9,true],"vp_sm":["https:\/\/www.izhiq.org.al\/wp-content\/uploads\/2021\/10\/ftt-2.jpg",500,250,false],"vp_md":["https:\/\/www.izhiq.org.al\/wp-content\/uploads\/2021\/10\/ftt-2.jpg",640,320,false],"vp_lg":["https:\/\/www.izhiq.org.al\/wp-content\/uploads\/2021\/10\/ftt-2.jpg",640,320,false],"vp_xl":["https:\/\/www.izhiq.org.al\/wp-content\/uploads\/2021\/10\/ftt-2.jpg",640,320,false],"vp_sm_popup":["https:\/\/www.izhiq.org.al\/wp-content\/uploads\/2021\/10\/ftt-2.jpg",500,250,false],"vp_md_popup":["https:\/\/www.izhiq.org.al\/wp-content\/uploads\/2021\/10\/ftt-2.jpg",640,320,false],"vp_xl_popup":["https:\/\/www.izhiq.org.al\/wp-content\/uploads\/2021\/10\/ftt-2.jpg",640,320,false],"charitypro_small-thumb":["https:\/\/www.izhiq.org.al\/wp-content\/uploads\/2021\/10\/ftt-2-400x200.jpg",400,200,true],"charitypro_medium-thumb":["https:\/\/www.izhiq.org.al\/wp-content\/uploads\/2021\/10\/ftt-2-600x300.jpg",600,300,true],"charitypro_blog-large":["https:\/\/www.izhiq.org.al\/wp-content\/uploads\/2021\/10\/ftt-2.jpg",640,320,false],"charitypro_croped-thumb":["https:\/\/www.izhiq.org.al\/wp-content\/uploads\/2021\/10\/ftt-2-500x306.jpg",500,306,true],"rt_custom":["https:\/\/www.izhiq.org.al\/wp-content\/uploads\/2021\/10\/ftt-2.jpg",640,320,false]},"rttpg_author":{"display_name":"izhiqytetare_10ociur3","author_link":"https:\/\/www.izhiq.org.al\/en\/author\/izhiqytetare_10ociur3\/"},"rttpg_comment":0,"rttpg_category":"<a href=\"https:\/\/www.izhiq.org.al\/en\/category\/lajmet-e-fundit\/\" rel=\"category tag\">Lajmet e fundit<\/a>","rttpg_excerpt":"Ja si do t\u2019i paguajn\u00eb qytetar\u00ebt faturat e energjis\u00eb elektrike nga 1 shtatori 1.2 milion\u00eb abonent\u00eb t\u00eb OSHEE do t\u00eb fillojn\u00eb ...","_links":{"self":[{"href":"https:\/\/www.izhiq.org.al\/en\/wp-json\/wp\/v2\/posts\/1342","targetHints":{"allow":["GET"]}}],"collection":[{"href":"https:\/\/www.izhiq.org.al\/en\/wp-json\/wp\/v2\/posts"}],"about":[{"href":"https:\/\/www.izhiq.org.al\/en\/wp-json\/wp\/v2\/types\/post"}],"author":[{"embeddable":true,"href":"https:\/\/www.izhiq.org.al\/en\/wp-json\/wp\/v2\/users\/1"}],"replies":[{"embeddable":true,"href":"https:\/\/www.izhiq.org.al\/en\/wp-json\/wp\/v2\/comments?post=1342"}],"version-history":[{"count":1,"href":"https:\/\/www.izhiq.org.al\/en\/wp-json\/wp\/v2\/posts\/1342\/revisions"}],"predecessor-version":[{"id":1344,"href":"https:\/\/www.izhiq.org.al\/en\/wp-json\/wp\/v2\/posts\/1342\/revisions\/1344"}],"wp:featuredmedia":[{"embeddable":true,"href":"https:\/\/www.izhiq.org.al\/en\/wp-json\/wp\/v2\/media\/1343"}],"wp:attachment":[{"href":"https:\/\/www.izhiq.org.al\/en\/wp-json\/wp\/v2\/media?parent=1342"}],"wp:term":[{"taxonomy":"category","embeddable":true,"href":"https:\/\/www.izhiq.org.al\/en\/wp-json\/wp\/v2\/categories?post=1342"},{"taxonomy":"post_tag","embeddable":true,"href":"https:\/\/www.izhiq.org.al\/en\/wp-json\/wp\/v2\/tags?post=1342"}],"curies":[{"name":"wp","href":"https:\/\/api.w.org\/{rel}","templated":true}]}}