{"id":1696,"date":"2022-02-04T08:22:54","date_gmt":"2022-02-04T08:22:54","guid":{"rendered":"https:\/\/www.izhiq.org.al\/?p=1696"},"modified":"2022-03-09T12:15:35","modified_gmt":"2022-03-09T12:15:35","slug":"vazhdojne-trajnimet-ne-qytetin-e-korces-%e2%9e%a1%ef%b8%8f-forcimi-i-shoqerise-civile-dhe-qeverisjes-lokale-per-nje-mbrojtje-me-te-mire-te-konsumatorit","status":"publish","type":"post","link":"https:\/\/www.izhiq.org.al\/en\/2022\/02\/04\/vazhdojne-trajnimet-ne-qytetin-e-korces-%e2%9e%a1%ef%b8%8f-forcimi-i-shoqerise-civile-dhe-qeverisjes-lokale-per-nje-mbrojtje-me-te-mire-te-konsumatorit\/","title":{"rendered":"Vazhdojn\u00eb trajnimet n\u00eb qytetin e Kor\u00e7\u00ebs \u27a1\ufe0f \u201cForcimi i shoq\u00ebris\u00eb civile dhe qeverisjes lokale p\u00ebr nj\u00eb mbrojtje m\u00eb t\u00eb mir\u00eb t\u00eb konsumatorit\u201d"},"content":{"rendered":"<div class=\"cxmmr5t8 oygrvhab hcukyx3x c1et5uql o9v6fnle ii04i59q\">\n<div dir=\"auto\"><span class=\"pq6dq46d tbxw36s4 knj5qynh kvgmc6g5 ditlmg2l oygrvhab nvdbi5me sf5mxxl7 gl3lb2sf hhz5lgdu\"><img loading=\"lazy\" decoding=\"async\" src=\"https:\/\/static.xx.fbcdn.net\/images\/emoji.php\/v9\/t99\/1\/16\/32_20e3.png\" alt=\"2\ufe0f\u20e3\" width=\"16\" height=\"16\" \/><\/span> N\u00eb dit\u00ebn e dyt\u00eb t\u00eb trajnimit, t\u00eb udh\u00ebhequr nga eksperti i njohur Dr. Enriko Ceko u trajtuan \u00e7\u00ebshtjet e m\u00ebposhtme:<\/div>\n<\/div>\n<div class=\"cxmmr5t8 oygrvhab hcukyx3x c1et5uql o9v6fnle ii04i59q\">\n<div dir=\"auto\"><span class=\"pq6dq46d tbxw36s4 knj5qynh kvgmc6g5 ditlmg2l oygrvhab nvdbi5me sf5mxxl7 gl3lb2sf hhz5lgdu\"><img loading=\"lazy\" decoding=\"async\" src=\"https:\/\/static.xx.fbcdn.net\/images\/emoji.php\/v9\/tac\/1\/16\/1f4cc.png\" alt=\"\ud83d\udccc\" width=\"16\" height=\"16\" \/><\/span> Institucionet e BE n\u00eb Shqip\u00ebri q\u00eb lidhen me konsumatorin<\/div>\n<div dir=\"auto\"><span class=\"pq6dq46d tbxw36s4 knj5qynh kvgmc6g5 ditlmg2l oygrvhab nvdbi5me sf5mxxl7 gl3lb2sf hhz5lgdu\"><img loading=\"lazy\" decoding=\"async\" src=\"https:\/\/static.xx.fbcdn.net\/images\/emoji.php\/v9\/tac\/1\/16\/1f4cc.png\" alt=\"\ud83d\udccc\" width=\"16\" height=\"16\" \/><\/span> Institucionet qendrore\/ vendore q\u00eb lidhen me konsumatorin n\u00eb Shqip\u00ebri. Roli i tyre, transparenca dhe mb\u00ebshtetja e konsumatorit dhe prodhuesit e tregtarit.<\/div>\n<div dir=\"auto\"><span class=\"pq6dq46d tbxw36s4 knj5qynh kvgmc6g5 ditlmg2l oygrvhab nvdbi5me sf5mxxl7 gl3lb2sf hhz5lgdu\"><img loading=\"lazy\" decoding=\"async\" src=\"https:\/\/static.xx.fbcdn.net\/images\/emoji.php\/v9\/tac\/1\/16\/1f4cc.png\" alt=\"\ud83d\udccc\" width=\"16\" height=\"16\" \/><\/span> Cil\u00ebsia, siguria dhe garancia e produkteve dhe sh\u00ebrbimeve<\/div>\n<div dir=\"auto\"><span class=\"pq6dq46d tbxw36s4 knj5qynh kvgmc6g5 ditlmg2l oygrvhab nvdbi5me sf5mxxl7 gl3lb2sf hhz5lgdu\"><img loading=\"lazy\" decoding=\"async\" src=\"https:\/\/static.xx.fbcdn.net\/images\/emoji.php\/v9\/tac\/1\/16\/1f4cc.png\" alt=\"\ud83d\udccc\" width=\"16\" height=\"16\" \/><\/span> Standardet e produkteve dhe sh\u00ebrbimeve dhe r\u00ebnd\u00ebsia e tyre p\u00ebr konsumator\u00ebt, biznesin dhe qeverin\u00eb.<\/div>\n<\/div>\n<div class=\"cxmmr5t8 oygrvhab hcukyx3x c1et5uql o9v6fnle ii04i59q\">\n<div dir=\"auto\">Ushtrimet vizuale, puna individuale dhe n\u00eb grup gjat\u00eb dit\u00ebs s\u00eb dyt\u00eb t\u00eb trajnimit u p\u00ebrdor\u00ebn p\u00ebr t\u00eb rritur kuptueshm\u00ebrin\u00eb e aktor\u00ebve t\u00eb p\u00ebrfshir\u00eb (Rrjetit i Mbrojtjes s\u00eb Konsumatorit Kor\u00e7\u00eb) mbi t\u00eb drejtat dhe detyrimet e tyre si konsumator dhe si t\u00eb zbatohen k\u00ebto rregulla n\u00eb praktik\u00eb.<\/div>\n<\/div>\n<div class=\"cxmmr5t8 oygrvhab hcukyx3x c1et5uql o9v6fnle ii04i59q\">\n<div dir=\"auto\">Shoqata Instituti p\u00ebr Zhvillim dhe Iniciativa Qytetare n\u00eb partneritet me <a class=\"oajrlxb2 g5ia77u1 qu0x051f esr5mh6w e9989ue4 r7d6kgcz rq0escxv nhd2j8a9 nc684nl6 p7hjln8o kvgmc6g5 cxmmr5t8 oygrvhab hcukyx3x jb3vyjys rz4wbd8a qt6c0cv9 a8nywdso i1ao9s8h esuyzwwr f1sip0of lzcic4wl gpro0wi8 q66pz984 b1v8xokw\" role=\"link\" href=\"https:\/\/www.facebook.com\/Albanian-Socio-Economic-Think-Tank-331264714216241\/?__cft__[0]=AZWR128gxyBRiXwHE8Fj-vd8h0PWGpwn9rKtFOIBdc1fl3hl1bXf4H38XgH5nKzhl_AkcTAkL06GzKFjRppeYCLaysCluucO9_NM8kQU9CQSPRbuopPgLljpaZYn7e-7cbJiHmJoZa_FPf8iqdV5FOIlDUjmsh_RAINKiDryHJ71Ow&amp;__tn__=kK-R\"><span class=\"nc684nl6\">Albanian Socio Economic Think Tank<\/span><\/a>, po zbaton projektin \u201cDrejt BE-s\u00eb: Forcimi i shoq\u00ebris\u00eb civile dhe qeverisjes lokale p\u00ebr nj\u00eb mbrojtje m\u00eb t\u00eb mir\u00eb t\u00eb konsumatorit\u201d.<\/div>\n<\/div>\n<div class=\"cxmmr5t8 oygrvhab hcukyx3x c1et5uql o9v6fnle ii04i59q\">\n<div dir=\"auto\">Ky projekt mbe\u0308shtetet financiarisht nga <a class=\"oajrlxb2 g5ia77u1 qu0x051f esr5mh6w e9989ue4 r7d6kgcz rq0escxv nhd2j8a9 nc684nl6 p7hjln8o kvgmc6g5 cxmmr5t8 oygrvhab hcukyx3x jb3vyjys rz4wbd8a qt6c0cv9 a8nywdso i1ao9s8h esuyzwwr f1sip0of lzcic4wl gpro0wi8 q66pz984 b1v8xokw\" role=\"link\" href=\"https:\/\/www.facebook.com\/eu.delegation.albania?__cft__[0]=AZWR128gxyBRiXwHE8Fj-vd8h0PWGpwn9rKtFOIBdc1fl3hl1bXf4H38XgH5nKzhl_AkcTAkL06GzKFjRppeYCLaysCluucO9_NM8kQU9CQSPRbuopPgLljpaZYn7e-7cbJiHmJoZa_FPf8iqdV5FOIlDUjmsh_RAINKiDryHJ71Ow&amp;__tn__=-]K-R\"><span class=\"nc684nl6\">European Union in Albania<\/span><\/a><\/div>\n<div dir=\"auto\">ne\u0308pe\u0308rmjet programit IPA 2017, i cili menaxhohet nga Ministria e Financave<\/div>\n<div dir=\"auto\"><a class=\"oajrlxb2 g5ia77u1 qu0x051f esr5mh6w e9989ue4 r7d6kgcz rq0escxv nhd2j8a9 nc684nl6 p7hjln8o kvgmc6g5 cxmmr5t8 oygrvhab hcukyx3x jb3vyjys rz4wbd8a qt6c0cv9 a8nywdso i1ao9s8h esuyzwwr f1sip0of lzcic4wl gpro0wi8 q66pz984 b1v8xokw\" role=\"link\" href=\"https:\/\/www.facebook.com\/cfcualb2017?__cft__[0]=AZWR128gxyBRiXwHE8Fj-vd8h0PWGpwn9rKtFOIBdc1fl3hl1bXf4H38XgH5nKzhl_AkcTAkL06GzKFjRppeYCLaysCluucO9_NM8kQU9CQSPRbuopPgLljpaZYn7e-7cbJiHmJoZa_FPf8iqdV5FOIlDUjmsh_RAINKiDryHJ71Ow&amp;__tn__=-]K-R\"><span class=\"nc684nl6\">CFCU Albania<\/span><\/a>.<\/div>\n<\/div>\n<div class=\"cxmmr5t8 oygrvhab hcukyx3x c1et5uql o9v6fnle ii04i59q\">\n<div dir=\"auto\"><span class=\"pq6dq46d tbxw36s4 knj5qynh kvgmc6g5 ditlmg2l oygrvhab nvdbi5me sf5mxxl7 gl3lb2sf hhz5lgdu\"><img loading=\"lazy\" decoding=\"async\" src=\"https:\/\/static.xx.fbcdn.net\/images\/emoji.php\/v9\/t99\/1\/16\/32_20e3.png\" alt=\"2\ufe0f\u20e3\" width=\"16\" height=\"16\" \/><\/span>The second day of the training in Korca\u2019s city on <span class=\"pq6dq46d tbxw36s4 knj5qynh kvgmc6g5 ditlmg2l oygrvhab nvdbi5me sf5mxxl7 gl3lb2sf hhz5lgdu\"><img loading=\"lazy\" decoding=\"async\" src=\"https:\/\/static.xx.fbcdn.net\/images\/emoji.php\/v9\/t9e\/1\/16\/27a1.png\" alt=\"\u27a1\ufe0f\" width=\"16\" height=\"16\" \/><\/span>&#8220;Strengthening civil society and local government for better consumer protection&#8221; was led by the well-known expert Dr. Enriko Ceko<\/div>\n<\/div>\n<div class=\"cxmmr5t8 oygrvhab hcukyx3x c1et5uql o9v6fnle ii04i59q\">\n<div dir=\"auto\">The following issues were addressed:<\/div>\n<div dir=\"auto\"><span class=\"pq6dq46d tbxw36s4 knj5qynh kvgmc6g5 ditlmg2l oygrvhab nvdbi5me sf5mxxl7 gl3lb2sf hhz5lgdu\"><img loading=\"lazy\" decoding=\"async\" src=\"https:\/\/static.xx.fbcdn.net\/images\/emoji.php\/v9\/tac\/1\/16\/1f4cc.png\" alt=\"\ud83d\udccc\" width=\"16\" height=\"16\" \/><\/span> EU institutions in Albania related to consumer protection<\/div>\n<div dir=\"auto\"><span class=\"pq6dq46d tbxw36s4 knj5qynh kvgmc6g5 ditlmg2l oygrvhab nvdbi5me sf5mxxl7 gl3lb2sf hhz5lgdu\"><img loading=\"lazy\" decoding=\"async\" src=\"https:\/\/static.xx.fbcdn.net\/images\/emoji.php\/v9\/tac\/1\/16\/1f4cc.png\" alt=\"\ud83d\udccc\" width=\"16\" height=\"16\" \/><\/span> Central \/ local institutions related to consumer protection in Albania. Their role, transparency and support of the consumer, producer and trader.<\/div>\n<div dir=\"auto\"><span class=\"pq6dq46d tbxw36s4 knj5qynh kvgmc6g5 ditlmg2l oygrvhab nvdbi5me sf5mxxl7 gl3lb2sf hhz5lgdu\"><img loading=\"lazy\" decoding=\"async\" src=\"https:\/\/static.xx.fbcdn.net\/images\/emoji.php\/v9\/tac\/1\/16\/1f4cc.png\" alt=\"\ud83d\udccc\" width=\"16\" height=\"16\" \/><\/span> Quality, safety and guarantee of products and services<\/div>\n<div dir=\"auto\"><span class=\"pq6dq46d tbxw36s4 knj5qynh kvgmc6g5 ditlmg2l oygrvhab nvdbi5me sf5mxxl7 gl3lb2sf hhz5lgdu\"><img loading=\"lazy\" decoding=\"async\" src=\"https:\/\/static.xx.fbcdn.net\/images\/emoji.php\/v9\/tac\/1\/16\/1f4cc.png\" alt=\"\ud83d\udccc\" width=\"16\" height=\"16\" \/><\/span> Standards of products and services and their importance for consumers, business and government.<\/div>\n<\/div>\n<div class=\"cxmmr5t8 oygrvhab hcukyx3x c1et5uql o9v6fnle ii04i59q\">\n<div dir=\"auto\">Visual exercises, individual and group work during the second day of training were used to increase the understanding of the actors involved (Korca Consumer Protection Network) on their rights and obligations as consumers and how to apply these rules in practice.<\/div>\n<\/div>\n<div class=\"cxmmr5t8 oygrvhab hcukyx3x c1et5uql o9v6fnle ii04i59q\">\n<div dir=\"auto\">Instituti per Zhvillim dhe Inisiativa Qytetare in partnership with <a class=\"oajrlxb2 g5ia77u1 qu0x051f esr5mh6w e9989ue4 r7d6kgcz rq0escxv nhd2j8a9 nc684nl6 p7hjln8o kvgmc6g5 cxmmr5t8 oygrvhab hcukyx3x jb3vyjys rz4wbd8a qt6c0cv9 a8nywdso i1ao9s8h esuyzwwr f1sip0of lzcic4wl gpro0wi8 q66pz984 b1v8xokw\" role=\"link\" href=\"https:\/\/www.facebook.com\/Albanian-Socio-Economic-Think-Tank-331264714216241\/?__cft__[0]=AZWR128gxyBRiXwHE8Fj-vd8h0PWGpwn9rKtFOIBdc1fl3hl1bXf4H38XgH5nKzhl_AkcTAkL06GzKFjRppeYCLaysCluucO9_NM8kQU9CQSPRbuopPgLljpaZYn7e-7cbJiHmJoZa_FPf8iqdV5FOIlDUjmsh_RAINKiDryHJ71Ow&amp;__tn__=kK-R\"><span class=\"nc684nl6\">Albanian Socio Economic Think Tank<\/span><\/a>, is implementing the project<\/div>\n<div dir=\"auto\">&#8221; Toward EU: Strengthening CSOs and local government for better consumer protection &#8220;.<\/div>\n<div dir=\"auto\">This project is financially supported by<\/div>\n<div dir=\"auto\"><a class=\"oajrlxb2 g5ia77u1 qu0x051f esr5mh6w e9989ue4 r7d6kgcz rq0escxv nhd2j8a9 nc684nl6 p7hjln8o kvgmc6g5 cxmmr5t8 oygrvhab hcukyx3x jb3vyjys rz4wbd8a qt6c0cv9 a8nywdso i1ao9s8h esuyzwwr f1sip0of lzcic4wl gpro0wi8 q66pz984 b1v8xokw\" role=\"link\" href=\"https:\/\/www.facebook.com\/eu.delegation.albania?__cft__[0]=AZWR128gxyBRiXwHE8Fj-vd8h0PWGpwn9rKtFOIBdc1fl3hl1bXf4H38XgH5nKzhl_AkcTAkL06GzKFjRppeYCLaysCluucO9_NM8kQU9CQSPRbuopPgLljpaZYn7e-7cbJiHmJoZa_FPf8iqdV5FOIlDUjmsh_RAINKiDryHJ71Ow&amp;__tn__=-]K-R\"><span class=\"nc684nl6\">European Union in Albania<\/span><\/a> through the IPA 2017 program, which is managed by the Ministry of Finance<\/div>\n<div dir=\"auto\"><a class=\"oajrlxb2 g5ia77u1 qu0x051f esr5mh6w e9989ue4 r7d6kgcz rq0escxv nhd2j8a9 nc684nl6 p7hjln8o kvgmc6g5 cxmmr5t8 oygrvhab hcukyx3x jb3vyjys rz4wbd8a qt6c0cv9 a8nywdso i1ao9s8h esuyzwwr f1sip0of lzcic4wl gpro0wi8 q66pz984 b1v8xokw\" role=\"link\" href=\"https:\/\/www.facebook.com\/cfcualb2017?__cft__[0]=AZWR128gxyBRiXwHE8Fj-vd8h0PWGpwn9rKtFOIBdc1fl3hl1bXf4H38XgH5nKzhl_AkcTAkL06GzKFjRppeYCLaysCluucO9_NM8kQU9CQSPRbuopPgLljpaZYn7e-7cbJiHmJoZa_FPf8iqdV5FOIlDUjmsh_RAINKiDryHJ71Ow&amp;__tn__=-]K-R\"><span class=\"nc684nl6\">CFCU Albania<\/span><\/a>.<\/div>\n<div dir=\"auto\"><img loading=\"lazy\" decoding=\"async\" class=\"alignnone size-large wp-image-1697\" src=\"https:\/\/www.izhiq.org.al\/wp-content\/uploads\/2022\/02\/244049762_424370099078701_2596235091514532726_n-1024x768.jpg\" alt=\"\" width=\"800\" height=\"600\" srcset=\"https:\/\/www.izhiq.org.al\/wp-content\/uploads\/2022\/02\/244049762_424370099078701_2596235091514532726_n-1024x768.jpg 1024w, https:\/\/www.izhiq.org.al\/wp-content\/uploads\/2022\/02\/244049762_424370099078701_2596235091514532726_n-300x225.jpg 300w, https:\/\/www.izhiq.org.al\/wp-content\/uploads\/2022\/02\/244049762_424370099078701_2596235091514532726_n-768x576.jpg 768w, https:\/\/www.izhiq.org.al\/wp-content\/uploads\/2022\/02\/244049762_424370099078701_2596235091514532726_n-1536x1152.jpg 1536w, https:\/\/www.izhiq.org.al\/wp-content\/uploads\/2022\/02\/244049762_424370099078701_2596235091514532726_n-16x12.jpg 16w, https:\/\/www.izhiq.org.al\/wp-content\/uploads\/2022\/02\/244049762_424370099078701_2596235091514532726_n-500x375.jpg 500w, https:\/\/www.izhiq.org.al\/wp-content\/uploads\/2022\/02\/244049762_424370099078701_2596235091514532726_n-800x600.jpg 800w, https:\/\/www.izhiq.org.al\/wp-content\/uploads\/2022\/02\/244049762_424370099078701_2596235091514532726_n-1280x960.jpg 1280w, https:\/\/www.izhiq.org.al\/wp-content\/uploads\/2022\/02\/244049762_424370099078701_2596235091514532726_n-24x18.jpg 24w, https:\/\/www.izhiq.org.al\/wp-content\/uploads\/2022\/02\/244049762_424370099078701_2596235091514532726_n-36x27.jpg 36w, https:\/\/www.izhiq.org.al\/wp-content\/uploads\/2022\/02\/244049762_424370099078701_2596235091514532726_n-48x36.jpg 48w, https:\/\/www.izhiq.org.al\/wp-content\/uploads\/2022\/02\/244049762_424370099078701_2596235091514532726_n-600x450.jpg 600w, https:\/\/www.izhiq.org.al\/wp-content\/uploads\/2022\/02\/244049762_424370099078701_2596235091514532726_n.jpg 1600w\" sizes=\"auto, (max-width: 800px) 100vw, 800px\" \/><\/div>\n<\/div>\n","protected":false},"excerpt":{"rendered":"<p>N\u00eb dit\u00ebn e dyt\u00eb t\u00eb trajnimit, t\u00eb udh\u00ebhequr nga eksperti i njohur Dr. Enriko Ceko u trajtuan \u00e7\u00ebshtjet e m\u00ebposhtme: Institucionet &#8230;<\/p>","protected":false},"author":3,"featured_media":1698,"comment_status":"open","ping_status":"open","sticky":false,"template":"","format":"standard","meta":{"_vp_format_video_url":"","_vp_image_focal_point":[],"footnotes":"","_links_to":"","_links_to_target":""},"categories":[48,59],"tags":[],"class_list":["post-1696","post","type-post","status-publish","format-standard","hentry","category-aktivitete","category-aktivitete-te-drejtat-e-konsumatorit"],"yoast_head":"<!-- This site is optimized with the Yoast SEO plugin v27.5 - https:\/\/yoast.com\/product\/yoast-seo-wordpress\/ -->\n<title>Vazhdojn\u00eb trajnimet n\u00eb qytetin e Kor\u00e7\u00ebs \u27a1\ufe0f \u201cForcimi i shoq\u00ebris\u00eb civile dhe qeverisjes lokale p\u00ebr nj\u00eb mbrojtje m\u00eb t\u00eb mir\u00eb t\u00eb konsumatorit\u201d - Instituti per Zhvillim dhe Inisiativa Qytetare<\/title>\n<meta name=\"robots\" content=\"index, follow, max-snippet:-1, max-image-preview:large, max-video-preview:-1\" \/>\n<link rel=\"canonical\" href=\"https:\/\/www.izhiq.org.al\/en\/2022\/02\/04\/vazhdojne-trajnimet-ne-qytetin-e-korces-\u27a1\ufe0f-forcimi-i-shoqerise-civile-dhe-qeverisjes-lokale-per-nje-mbrojtje-me-te-mire-te-konsumatorit\/\" \/>\n<meta property=\"og:locale\" content=\"en_US\" \/>\n<meta property=\"og:type\" content=\"article\" \/>\n<meta property=\"og:title\" content=\"Vazhdojn\u00eb trajnimet n\u00eb qytetin e Kor\u00e7\u00ebs \u27a1\ufe0f \u201cForcimi i shoq\u00ebris\u00eb civile dhe qeverisjes lokale p\u00ebr nj\u00eb mbrojtje m\u00eb t\u00eb mir\u00eb t\u00eb konsumatorit\u201d - Instituti per Zhvillim dhe Inisiativa Qytetare\" \/>\n<meta property=\"og:description\" content=\"N\u00eb dit\u00ebn e dyt\u00eb t\u00eb trajnimit, t\u00eb udh\u00ebhequr nga eksperti i njohur Dr. Enriko Ceko u trajtuan \u00e7\u00ebshtjet e m\u00ebposhtme: Institucionet ...\" \/>\n<meta property=\"og:url\" content=\"https:\/\/www.izhiq.org.al\/en\/2022\/02\/04\/vazhdojne-trajnimet-ne-qytetin-e-korces-\u27a1\ufe0f-forcimi-i-shoqerise-civile-dhe-qeverisjes-lokale-per-nje-mbrojtje-me-te-mire-te-konsumatorit\/\" \/>\n<meta property=\"og:site_name\" content=\"Instituti per Zhvillim dhe Inisiativa Qytetare\" \/>\n<meta property=\"article:published_time\" content=\"2022-02-04T08:22:54+00:00\" \/>\n<meta property=\"article:modified_time\" content=\"2022-03-09T12:15:35+00:00\" \/>\n<meta property=\"og:image\" content=\"https:\/\/www.izhiq.org.al\/wp-content\/uploads\/2022\/02\/243817497_424370052412039_3483454485862217773_n.jpg\" \/>\n\t<meta property=\"og:image:width\" content=\"1024\" \/>\n\t<meta property=\"og:image:height\" content=\"768\" \/>\n\t<meta property=\"og:image:type\" content=\"image\/jpeg\" \/>\n<meta name=\"author\" content=\"Daniela Burnazi\" \/>\n<meta name=\"twitter:card\" content=\"summary_large_image\" \/>\n<meta name=\"twitter:label1\" content=\"Written by\" \/>\n\t<meta name=\"twitter:data1\" content=\"Daniela Burnazi\" \/>\n\t<meta name=\"twitter:label2\" content=\"Est. reading time\" \/>\n\t<meta name=\"twitter:data2\" content=\"4 minutes\" \/>\n<script type=\"application\/ld+json\" class=\"yoast-schema-graph\">{\"@context\":\"https:\\\/\\\/schema.org\",\"@graph\":[{\"@type\":\"Article\",\"@id\":\"https:\\\/\\\/www.izhiq.org.al\\\/2022\\\/02\\\/04\\\/vazhdojne-trajnimet-ne-qytetin-e-korces-%e2%9e%a1%ef%b8%8f-forcimi-i-shoqerise-civile-dhe-qeverisjes-lokale-per-nje-mbrojtje-me-te-mire-te-konsumatorit\\\/#article\",\"isPartOf\":{\"@id\":\"https:\\\/\\\/www.izhiq.org.al\\\/2022\\\/02\\\/04\\\/vazhdojne-trajnimet-ne-qytetin-e-korces-%e2%9e%a1%ef%b8%8f-forcimi-i-shoqerise-civile-dhe-qeverisjes-lokale-per-nje-mbrojtje-me-te-mire-te-konsumatorit\\\/\"},\"author\":{\"name\":\"Daniela Burnazi\",\"@id\":\"https:\\\/\\\/www.izhiq.org.al\\\/#\\\/schema\\\/person\\\/eb975c9d487030021f1785effadb2228\"},\"headline\":\"Vazhdojn\u00eb trajnimet n\u00eb qytetin e Kor\u00e7\u00ebs \u27a1\ufe0f \u201cForcimi i shoq\u00ebris\u00eb civile dhe qeverisjes lokale p\u00ebr nj\u00eb mbrojtje m\u00eb t\u00eb mir\u00eb t\u00eb konsumatorit\u201d\",\"datePublished\":\"2022-02-04T08:22:54+00:00\",\"dateModified\":\"2022-03-09T12:15:35+00:00\",\"mainEntityOfPage\":{\"@id\":\"https:\\\/\\\/www.izhiq.org.al\\\/2022\\\/02\\\/04\\\/vazhdojne-trajnimet-ne-qytetin-e-korces-%e2%9e%a1%ef%b8%8f-forcimi-i-shoqerise-civile-dhe-qeverisjes-lokale-per-nje-mbrojtje-me-te-mire-te-konsumatorit\\\/\"},\"wordCount\":403,\"commentCount\":0,\"image\":{\"@id\":\"https:\\\/\\\/www.izhiq.org.al\\\/2022\\\/02\\\/04\\\/vazhdojne-trajnimet-ne-qytetin-e-korces-%e2%9e%a1%ef%b8%8f-forcimi-i-shoqerise-civile-dhe-qeverisjes-lokale-per-nje-mbrojtje-me-te-mire-te-konsumatorit\\\/#primaryimage\"},\"thumbnailUrl\":\"https:\\\/\\\/www.izhiq.org.al\\\/wp-content\\\/uploads\\\/2022\\\/02\\\/243817497_424370052412039_3483454485862217773_n.jpg\",\"articleSection\":[\"Aktivitete\",\"Aktivitete te drejtat e konsumatorit\"],\"inLanguage\":\"en-US\",\"potentialAction\":[{\"@type\":\"CommentAction\",\"name\":\"Comment\",\"target\":[\"https:\\\/\\\/www.izhiq.org.al\\\/2022\\\/02\\\/04\\\/vazhdojne-trajnimet-ne-qytetin-e-korces-%e2%9e%a1%ef%b8%8f-forcimi-i-shoqerise-civile-dhe-qeverisjes-lokale-per-nje-mbrojtje-me-te-mire-te-konsumatorit\\\/#respond\"]}]},{\"@type\":\"WebPage\",\"@id\":\"https:\\\/\\\/www.izhiq.org.al\\\/2022\\\/02\\\/04\\\/vazhdojne-trajnimet-ne-qytetin-e-korces-%e2%9e%a1%ef%b8%8f-forcimi-i-shoqerise-civile-dhe-qeverisjes-lokale-per-nje-mbrojtje-me-te-mire-te-konsumatorit\\\/\",\"url\":\"https:\\\/\\\/www.izhiq.org.al\\\/2022\\\/02\\\/04\\\/vazhdojne-trajnimet-ne-qytetin-e-korces-%e2%9e%a1%ef%b8%8f-forcimi-i-shoqerise-civile-dhe-qeverisjes-lokale-per-nje-mbrojtje-me-te-mire-te-konsumatorit\\\/\",\"name\":\"Vazhdojn\u00eb trajnimet n\u00eb qytetin e Kor\u00e7\u00ebs \u27a1\ufe0f \u201cForcimi i shoq\u00ebris\u00eb civile dhe qeverisjes lokale p\u00ebr nj\u00eb mbrojtje m\u00eb t\u00eb mir\u00eb t\u00eb konsumatorit\u201d - Instituti per Zhvillim dhe Inisiativa Qytetare\",\"isPartOf\":{\"@id\":\"https:\\\/\\\/www.izhiq.org.al\\\/#website\"},\"primaryImageOfPage\":{\"@id\":\"https:\\\/\\\/www.izhiq.org.al\\\/2022\\\/02\\\/04\\\/vazhdojne-trajnimet-ne-qytetin-e-korces-%e2%9e%a1%ef%b8%8f-forcimi-i-shoqerise-civile-dhe-qeverisjes-lokale-per-nje-mbrojtje-me-te-mire-te-konsumatorit\\\/#primaryimage\"},\"image\":{\"@id\":\"https:\\\/\\\/www.izhiq.org.al\\\/2022\\\/02\\\/04\\\/vazhdojne-trajnimet-ne-qytetin-e-korces-%e2%9e%a1%ef%b8%8f-forcimi-i-shoqerise-civile-dhe-qeverisjes-lokale-per-nje-mbrojtje-me-te-mire-te-konsumatorit\\\/#primaryimage\"},\"thumbnailUrl\":\"https:\\\/\\\/www.izhiq.org.al\\\/wp-content\\\/uploads\\\/2022\\\/02\\\/243817497_424370052412039_3483454485862217773_n.jpg\",\"datePublished\":\"2022-02-04T08:22:54+00:00\",\"dateModified\":\"2022-03-09T12:15:35+00:00\",\"author\":{\"@id\":\"https:\\\/\\\/www.izhiq.org.al\\\/#\\\/schema\\\/person\\\/eb975c9d487030021f1785effadb2228\"},\"breadcrumb\":{\"@id\":\"https:\\\/\\\/www.izhiq.org.al\\\/2022\\\/02\\\/04\\\/vazhdojne-trajnimet-ne-qytetin-e-korces-%e2%9e%a1%ef%b8%8f-forcimi-i-shoqerise-civile-dhe-qeverisjes-lokale-per-nje-mbrojtje-me-te-mire-te-konsumatorit\\\/#breadcrumb\"},\"inLanguage\":\"en-US\",\"potentialAction\":[{\"@type\":\"ReadAction\",\"target\":[\"https:\\\/\\\/www.izhiq.org.al\\\/2022\\\/02\\\/04\\\/vazhdojne-trajnimet-ne-qytetin-e-korces-%e2%9e%a1%ef%b8%8f-forcimi-i-shoqerise-civile-dhe-qeverisjes-lokale-per-nje-mbrojtje-me-te-mire-te-konsumatorit\\\/\"]}]},{\"@type\":\"ImageObject\",\"inLanguage\":\"en-US\",\"@id\":\"https:\\\/\\\/www.izhiq.org.al\\\/2022\\\/02\\\/04\\\/vazhdojne-trajnimet-ne-qytetin-e-korces-%e2%9e%a1%ef%b8%8f-forcimi-i-shoqerise-civile-dhe-qeverisjes-lokale-per-nje-mbrojtje-me-te-mire-te-konsumatorit\\\/#primaryimage\",\"url\":\"https:\\\/\\\/www.izhiq.org.al\\\/wp-content\\\/uploads\\\/2022\\\/02\\\/243817497_424370052412039_3483454485862217773_n.jpg\",\"contentUrl\":\"https:\\\/\\\/www.izhiq.org.al\\\/wp-content\\\/uploads\\\/2022\\\/02\\\/243817497_424370052412039_3483454485862217773_n.jpg\",\"width\":1024,\"height\":768},{\"@type\":\"BreadcrumbList\",\"@id\":\"https:\\\/\\\/www.izhiq.org.al\\\/2022\\\/02\\\/04\\\/vazhdojne-trajnimet-ne-qytetin-e-korces-%e2%9e%a1%ef%b8%8f-forcimi-i-shoqerise-civile-dhe-qeverisjes-lokale-per-nje-mbrojtje-me-te-mire-te-konsumatorit\\\/#breadcrumb\",\"itemListElement\":[{\"@type\":\"ListItem\",\"position\":1,\"name\":\"Home\",\"item\":\"https:\\\/\\\/www.izhiq.org.al\\\/\"},{\"@type\":\"ListItem\",\"position\":2,\"name\":\"Vazhdojn\u00eb trajnimet n\u00eb qytetin e Kor\u00e7\u00ebs \u27a1\ufe0f \u201cForcimi i shoq\u00ebris\u00eb civile dhe qeverisjes lokale p\u00ebr nj\u00eb mbrojtje m\u00eb t\u00eb mir\u00eb t\u00eb konsumatorit\u201d\"}]},{\"@type\":\"WebSite\",\"@id\":\"https:\\\/\\\/www.izhiq.org.al\\\/#website\",\"url\":\"https:\\\/\\\/www.izhiq.org.al\\\/\",\"name\":\"Instituti per Zhvillim dhe Inisiativa Qytetare\",\"description\":\"Instituti per Zhvillim dhe Inisiativa Qytetare\",\"potentialAction\":[{\"@type\":\"SearchAction\",\"target\":{\"@type\":\"EntryPoint\",\"urlTemplate\":\"https:\\\/\\\/www.izhiq.org.al\\\/?s={search_term_string}\"},\"query-input\":{\"@type\":\"PropertyValueSpecification\",\"valueRequired\":true,\"valueName\":\"search_term_string\"}}],\"inLanguage\":\"en-US\"},{\"@type\":\"Person\",\"@id\":\"https:\\\/\\\/www.izhiq.org.al\\\/#\\\/schema\\\/person\\\/eb975c9d487030021f1785effadb2228\",\"name\":\"Daniela Burnazi\",\"image\":{\"@type\":\"ImageObject\",\"inLanguage\":\"en-US\",\"@id\":\"https:\\\/\\\/secure.gravatar.com\\\/avatar\\\/5aa5e701a63f11fd3fd70df1f48f9e23d0db512e36a4b79f45f92af2f58c141b?s=96&d=mm&r=g\",\"url\":\"https:\\\/\\\/secure.gravatar.com\\\/avatar\\\/5aa5e701a63f11fd3fd70df1f48f9e23d0db512e36a4b79f45f92af2f58c141b?s=96&d=mm&r=g\",\"contentUrl\":\"https:\\\/\\\/secure.gravatar.com\\\/avatar\\\/5aa5e701a63f11fd3fd70df1f48f9e23d0db512e36a4b79f45f92af2f58c141b?s=96&d=mm&r=g\",\"caption\":\"Daniela Burnazi\"},\"url\":\"https:\\\/\\\/www.izhiq.org.al\\\/en\\\/author\\\/danielaburnazi\\\/\"}]}<\/script>\n<!-- \/ Yoast SEO plugin. -->","yoast_head_json":{"title":"Vazhdojn\u00eb trajnimet n\u00eb qytetin e Kor\u00e7\u00ebs \u27a1\ufe0f \u201cForcimi i shoq\u00ebris\u00eb civile dhe qeverisjes lokale p\u00ebr nj\u00eb mbrojtje m\u00eb t\u00eb mir\u00eb t\u00eb konsumatorit\u201d - Instituti per Zhvillim dhe Inisiativa Qytetare","robots":{"index":"index","follow":"follow","max-snippet":"max-snippet:-1","max-image-preview":"max-image-preview:large","max-video-preview":"max-video-preview:-1"},"canonical":"https:\/\/www.izhiq.org.al\/en\/2022\/02\/04\/vazhdojne-trajnimet-ne-qytetin-e-korces-\u27a1\ufe0f-forcimi-i-shoqerise-civile-dhe-qeverisjes-lokale-per-nje-mbrojtje-me-te-mire-te-konsumatorit\/","og_locale":"en_US","og_type":"article","og_title":"Vazhdojn\u00eb trajnimet n\u00eb qytetin e Kor\u00e7\u00ebs \u27a1\ufe0f \u201cForcimi i shoq\u00ebris\u00eb civile dhe qeverisjes lokale p\u00ebr nj\u00eb mbrojtje m\u00eb t\u00eb mir\u00eb t\u00eb konsumatorit\u201d - Instituti per Zhvillim dhe Inisiativa Qytetare","og_description":"N\u00eb dit\u00ebn e dyt\u00eb t\u00eb trajnimit, t\u00eb udh\u00ebhequr nga eksperti i njohur Dr. Enriko Ceko u trajtuan \u00e7\u00ebshtjet e m\u00ebposhtme: Institucionet ...","og_url":"https:\/\/www.izhiq.org.al\/en\/2022\/02\/04\/vazhdojne-trajnimet-ne-qytetin-e-korces-\u27a1\ufe0f-forcimi-i-shoqerise-civile-dhe-qeverisjes-lokale-per-nje-mbrojtje-me-te-mire-te-konsumatorit\/","og_site_name":"Instituti per Zhvillim dhe Inisiativa Qytetare","article_published_time":"2022-02-04T08:22:54+00:00","article_modified_time":"2022-03-09T12:15:35+00:00","og_image":[{"width":1024,"height":768,"url":"https:\/\/www.izhiq.org.al\/wp-content\/uploads\/2022\/02\/243817497_424370052412039_3483454485862217773_n.jpg","type":"image\/jpeg"}],"author":"Daniela Burnazi","twitter_card":"summary_large_image","twitter_misc":{"Written by":"Daniela Burnazi","Est. reading time":"4 minutes"},"schema":{"@context":"https:\/\/schema.org","@graph":[{"@type":"Article","@id":"https:\/\/www.izhiq.org.al\/2022\/02\/04\/vazhdojne-trajnimet-ne-qytetin-e-korces-%e2%9e%a1%ef%b8%8f-forcimi-i-shoqerise-civile-dhe-qeverisjes-lokale-per-nje-mbrojtje-me-te-mire-te-konsumatorit\/#article","isPartOf":{"@id":"https:\/\/www.izhiq.org.al\/2022\/02\/04\/vazhdojne-trajnimet-ne-qytetin-e-korces-%e2%9e%a1%ef%b8%8f-forcimi-i-shoqerise-civile-dhe-qeverisjes-lokale-per-nje-mbrojtje-me-te-mire-te-konsumatorit\/"},"author":{"name":"Daniela Burnazi","@id":"https:\/\/www.izhiq.org.al\/#\/schema\/person\/eb975c9d487030021f1785effadb2228"},"headline":"Vazhdojn\u00eb trajnimet n\u00eb qytetin e Kor\u00e7\u00ebs \u27a1\ufe0f \u201cForcimi i shoq\u00ebris\u00eb civile dhe qeverisjes lokale p\u00ebr nj\u00eb mbrojtje m\u00eb t\u00eb mir\u00eb t\u00eb konsumatorit\u201d","datePublished":"2022-02-04T08:22:54+00:00","dateModified":"2022-03-09T12:15:35+00:00","mainEntityOfPage":{"@id":"https:\/\/www.izhiq.org.al\/2022\/02\/04\/vazhdojne-trajnimet-ne-qytetin-e-korces-%e2%9e%a1%ef%b8%8f-forcimi-i-shoqerise-civile-dhe-qeverisjes-lokale-per-nje-mbrojtje-me-te-mire-te-konsumatorit\/"},"wordCount":403,"commentCount":0,"image":{"@id":"https:\/\/www.izhiq.org.al\/2022\/02\/04\/vazhdojne-trajnimet-ne-qytetin-e-korces-%e2%9e%a1%ef%b8%8f-forcimi-i-shoqerise-civile-dhe-qeverisjes-lokale-per-nje-mbrojtje-me-te-mire-te-konsumatorit\/#primaryimage"},"thumbnailUrl":"https:\/\/www.izhiq.org.al\/wp-content\/uploads\/2022\/02\/243817497_424370052412039_3483454485862217773_n.jpg","articleSection":["Aktivitete","Aktivitete te drejtat e konsumatorit"],"inLanguage":"en-US","potentialAction":[{"@type":"CommentAction","name":"Comment","target":["https:\/\/www.izhiq.org.al\/2022\/02\/04\/vazhdojne-trajnimet-ne-qytetin-e-korces-%e2%9e%a1%ef%b8%8f-forcimi-i-shoqerise-civile-dhe-qeverisjes-lokale-per-nje-mbrojtje-me-te-mire-te-konsumatorit\/#respond"]}]},{"@type":"WebPage","@id":"https:\/\/www.izhiq.org.al\/2022\/02\/04\/vazhdojne-trajnimet-ne-qytetin-e-korces-%e2%9e%a1%ef%b8%8f-forcimi-i-shoqerise-civile-dhe-qeverisjes-lokale-per-nje-mbrojtje-me-te-mire-te-konsumatorit\/","url":"https:\/\/www.izhiq.org.al\/2022\/02\/04\/vazhdojne-trajnimet-ne-qytetin-e-korces-%e2%9e%a1%ef%b8%8f-forcimi-i-shoqerise-civile-dhe-qeverisjes-lokale-per-nje-mbrojtje-me-te-mire-te-konsumatorit\/","name":"Vazhdojn\u00eb trajnimet n\u00eb qytetin e Kor\u00e7\u00ebs \u27a1\ufe0f \u201cForcimi i shoq\u00ebris\u00eb civile dhe qeverisjes lokale p\u00ebr nj\u00eb mbrojtje m\u00eb t\u00eb mir\u00eb t\u00eb konsumatorit\u201d - Instituti per Zhvillim dhe Inisiativa Qytetare","isPartOf":{"@id":"https:\/\/www.izhiq.org.al\/#website"},"primaryImageOfPage":{"@id":"https:\/\/www.izhiq.org.al\/2022\/02\/04\/vazhdojne-trajnimet-ne-qytetin-e-korces-%e2%9e%a1%ef%b8%8f-forcimi-i-shoqerise-civile-dhe-qeverisjes-lokale-per-nje-mbrojtje-me-te-mire-te-konsumatorit\/#primaryimage"},"image":{"@id":"https:\/\/www.izhiq.org.al\/2022\/02\/04\/vazhdojne-trajnimet-ne-qytetin-e-korces-%e2%9e%a1%ef%b8%8f-forcimi-i-shoqerise-civile-dhe-qeverisjes-lokale-per-nje-mbrojtje-me-te-mire-te-konsumatorit\/#primaryimage"},"thumbnailUrl":"https:\/\/www.izhiq.org.al\/wp-content\/uploads\/2022\/02\/243817497_424370052412039_3483454485862217773_n.jpg","datePublished":"2022-02-04T08:22:54+00:00","dateModified":"2022-03-09T12:15:35+00:00","author":{"@id":"https:\/\/www.izhiq.org.al\/#\/schema\/person\/eb975c9d487030021f1785effadb2228"},"breadcrumb":{"@id":"https:\/\/www.izhiq.org.al\/2022\/02\/04\/vazhdojne-trajnimet-ne-qytetin-e-korces-%e2%9e%a1%ef%b8%8f-forcimi-i-shoqerise-civile-dhe-qeverisjes-lokale-per-nje-mbrojtje-me-te-mire-te-konsumatorit\/#breadcrumb"},"inLanguage":"en-US","potentialAction":[{"@type":"ReadAction","target":["https:\/\/www.izhiq.org.al\/2022\/02\/04\/vazhdojne-trajnimet-ne-qytetin-e-korces-%e2%9e%a1%ef%b8%8f-forcimi-i-shoqerise-civile-dhe-qeverisjes-lokale-per-nje-mbrojtje-me-te-mire-te-konsumatorit\/"]}]},{"@type":"ImageObject","inLanguage":"en-US","@id":"https:\/\/www.izhiq.org.al\/2022\/02\/04\/vazhdojne-trajnimet-ne-qytetin-e-korces-%e2%9e%a1%ef%b8%8f-forcimi-i-shoqerise-civile-dhe-qeverisjes-lokale-per-nje-mbrojtje-me-te-mire-te-konsumatorit\/#primaryimage","url":"https:\/\/www.izhiq.org.al\/wp-content\/uploads\/2022\/02\/243817497_424370052412039_3483454485862217773_n.jpg","contentUrl":"https:\/\/www.izhiq.org.al\/wp-content\/uploads\/2022\/02\/243817497_424370052412039_3483454485862217773_n.jpg","width":1024,"height":768},{"@type":"BreadcrumbList","@id":"https:\/\/www.izhiq.org.al\/2022\/02\/04\/vazhdojne-trajnimet-ne-qytetin-e-korces-%e2%9e%a1%ef%b8%8f-forcimi-i-shoqerise-civile-dhe-qeverisjes-lokale-per-nje-mbrojtje-me-te-mire-te-konsumatorit\/#breadcrumb","itemListElement":[{"@type":"ListItem","position":1,"name":"Home","item":"https:\/\/www.izhiq.org.al\/"},{"@type":"ListItem","position":2,"name":"Vazhdojn\u00eb trajnimet n\u00eb qytetin e Kor\u00e7\u00ebs \u27a1\ufe0f \u201cForcimi i shoq\u00ebris\u00eb civile dhe qeverisjes lokale p\u00ebr nj\u00eb mbrojtje m\u00eb t\u00eb mir\u00eb t\u00eb konsumatorit\u201d"}]},{"@type":"WebSite","@id":"https:\/\/www.izhiq.org.al\/#website","url":"https:\/\/www.izhiq.org.al\/","name":"Instituti per Zhvillim dhe Inisiativa Qytetare","description":"Instituti per Zhvillim dhe Inisiativa Qytetare","potentialAction":[{"@type":"SearchAction","target":{"@type":"EntryPoint","urlTemplate":"https:\/\/www.izhiq.org.al\/?s={search_term_string}"},"query-input":{"@type":"PropertyValueSpecification","valueRequired":true,"valueName":"search_term_string"}}],"inLanguage":"en-US"},{"@type":"Person","@id":"https:\/\/www.izhiq.org.al\/#\/schema\/person\/eb975c9d487030021f1785effadb2228","name":"Daniela Burnazi","image":{"@type":"ImageObject","inLanguage":"en-US","@id":"https:\/\/secure.gravatar.com\/avatar\/5aa5e701a63f11fd3fd70df1f48f9e23d0db512e36a4b79f45f92af2f58c141b?s=96&d=mm&r=g","url":"https:\/\/secure.gravatar.com\/avatar\/5aa5e701a63f11fd3fd70df1f48f9e23d0db512e36a4b79f45f92af2f58c141b?s=96&d=mm&r=g","contentUrl":"https:\/\/secure.gravatar.com\/avatar\/5aa5e701a63f11fd3fd70df1f48f9e23d0db512e36a4b79f45f92af2f58c141b?s=96&d=mm&r=g","caption":"Daniela Burnazi"},"url":"https:\/\/www.izhiq.org.al\/en\/author\/danielaburnazi\/"}]}},"rttpg_featured_image_url":{"full":["https:\/\/www.izhiq.org.al\/wp-content\/uploads\/2022\/02\/243817497_424370052412039_3483454485862217773_n.jpg",1024,768,false],"landscape":["https:\/\/www.izhiq.org.al\/wp-content\/uploads\/2022\/02\/243817497_424370052412039_3483454485862217773_n.jpg",1024,768,false],"portraits":["https:\/\/www.izhiq.org.al\/wp-content\/uploads\/2022\/02\/243817497_424370052412039_3483454485862217773_n.jpg",1024,768,false],"thumbnail":["https:\/\/www.izhiq.org.al\/wp-content\/uploads\/2022\/02\/243817497_424370052412039_3483454485862217773_n-150x150.jpg",150,150,true],"medium":["https:\/\/www.izhiq.org.al\/wp-content\/uploads\/2022\/02\/243817497_424370052412039_3483454485862217773_n-300x225.jpg",300,225,true],"large":["https:\/\/www.izhiq.org.al\/wp-content\/uploads\/2022\/02\/243817497_424370052412039_3483454485862217773_n.jpg",800,600,false],"1536x1536":["https:\/\/www.izhiq.org.al\/wp-content\/uploads\/2022\/02\/243817497_424370052412039_3483454485862217773_n.jpg",1024,768,false],"2048x2048":["https:\/\/www.izhiq.org.al\/wp-content\/uploads\/2022\/02\/243817497_424370052412039_3483454485862217773_n.jpg",1024,768,false],"trp-custom-language-flag":["https:\/\/www.izhiq.org.al\/wp-content\/uploads\/2022\/02\/243817497_424370052412039_3483454485862217773_n-16x12.jpg",16,12,true],"vp_sm":["https:\/\/www.izhiq.org.al\/wp-content\/uploads\/2022\/02\/243817497_424370052412039_3483454485862217773_n-500x375.jpg",500,375,true],"vp_md":["https:\/\/www.izhiq.org.al\/wp-content\/uploads\/2022\/02\/243817497_424370052412039_3483454485862217773_n-800x600.jpg",800,600,true],"vp_lg":["https:\/\/www.izhiq.org.al\/wp-content\/uploads\/2022\/02\/243817497_424370052412039_3483454485862217773_n.jpg",1024,768,false],"vp_xl":["https:\/\/www.izhiq.org.al\/wp-content\/uploads\/2022\/02\/243817497_424370052412039_3483454485862217773_n.jpg",1024,768,false],"vp_sm_popup":["https:\/\/www.izhiq.org.al\/wp-content\/uploads\/2022\/02\/243817497_424370052412039_3483454485862217773_n-500x375.jpg",500,375,true],"vp_md_popup":["https:\/\/www.izhiq.org.al\/wp-content\/uploads\/2022\/02\/243817497_424370052412039_3483454485862217773_n-800x600.jpg",800,600,true],"vp_xl_popup":["https:\/\/www.izhiq.org.al\/wp-content\/uploads\/2022\/02\/243817497_424370052412039_3483454485862217773_n.jpg",1024,768,false],"charitypro_small-thumb":["https:\/\/www.izhiq.org.al\/wp-content\/uploads\/2022\/02\/243817497_424370052412039_3483454485862217773_n-400x200.jpg",400,200,true],"charitypro_medium-thumb":["https:\/\/www.izhiq.org.al\/wp-content\/uploads\/2022\/02\/243817497_424370052412039_3483454485862217773_n-600x300.jpg",600,300,true],"charitypro_blog-large":["https:\/\/www.izhiq.org.al\/wp-content\/uploads\/2022\/02\/243817497_424370052412039_3483454485862217773_n-800x400.jpg",800,400,true],"charitypro_croped-thumb":["https:\/\/www.izhiq.org.al\/wp-content\/uploads\/2022\/02\/243817497_424370052412039_3483454485862217773_n-500x306.jpg",500,306,true],"rt_custom":["https:\/\/www.izhiq.org.al\/wp-content\/uploads\/2022\/02\/243817497_424370052412039_3483454485862217773_n.jpg",1024,768,false]},"rttpg_author":{"display_name":"Daniela Burnazi","author_link":"https:\/\/www.izhiq.org.al\/en\/author\/danielaburnazi\/"},"rttpg_comment":1,"rttpg_category":"<a href=\"https:\/\/www.izhiq.org.al\/en\/category\/aktivitete\/\" rel=\"category tag\">Aktivitete<\/a> <a href=\"https:\/\/www.izhiq.org.al\/en\/category\/aktivitete-te-drejtat-e-konsumatorit\/\" rel=\"category tag\">Aktivitete te drejtat e konsumatorit<\/a>","rttpg_excerpt":"N\u00eb dit\u00ebn e dyt\u00eb t\u00eb trajnimit, t\u00eb udh\u00ebhequr nga eksperti i njohur Dr. Enriko Ceko u trajtuan \u00e7\u00ebshtjet e m\u00ebposhtme: Institucionet ...","_links":{"self":[{"href":"https:\/\/www.izhiq.org.al\/en\/wp-json\/wp\/v2\/posts\/1696","targetHints":{"allow":["GET"]}}],"collection":[{"href":"https:\/\/www.izhiq.org.al\/en\/wp-json\/wp\/v2\/posts"}],"about":[{"href":"https:\/\/www.izhiq.org.al\/en\/wp-json\/wp\/v2\/types\/post"}],"author":[{"embeddable":true,"href":"https:\/\/www.izhiq.org.al\/en\/wp-json\/wp\/v2\/users\/3"}],"replies":[{"embeddable":true,"href":"https:\/\/www.izhiq.org.al\/en\/wp-json\/wp\/v2\/comments?post=1696"}],"version-history":[{"count":1,"href":"https:\/\/www.izhiq.org.al\/en\/wp-json\/wp\/v2\/posts\/1696\/revisions"}],"predecessor-version":[{"id":1699,"href":"https:\/\/www.izhiq.org.al\/en\/wp-json\/wp\/v2\/posts\/1696\/revisions\/1699"}],"wp:featuredmedia":[{"embeddable":true,"href":"https:\/\/www.izhiq.org.al\/en\/wp-json\/wp\/v2\/media\/1698"}],"wp:attachment":[{"href":"https:\/\/www.izhiq.org.al\/en\/wp-json\/wp\/v2\/media?parent=1696"}],"wp:term":[{"taxonomy":"category","embeddable":true,"href":"https:\/\/www.izhiq.org.al\/en\/wp-json\/wp\/v2\/categories?post=1696"},{"taxonomy":"post_tag","embeddable":true,"href":"https:\/\/www.izhiq.org.al\/en\/wp-json\/wp\/v2\/tags?post=1696"}],"curies":[{"name":"wp","href":"https:\/\/api.w.org\/{rel}","templated":true}]}}