{"id":1700,"date":"2022-02-04T08:29:18","date_gmt":"2022-02-04T08:29:18","guid":{"rendered":"https:\/\/www.izhiq.org.al\/?p=1700"},"modified":"2022-03-09T12:15:43","modified_gmt":"2022-03-09T12:15:43","slug":"mariano-votta-ekretari-i-pergjithshem-i-unionit-evropian-te-konsumatorit-ecu-trajner-ne-trajnimet-3-ditore-ne-5-qytetet-e-shqiperise","status":"publish","type":"post","link":"https:\/\/www.izhiq.org.al\/en\/2022\/02\/04\/mariano-votta-ekretari-i-pergjithshem-i-unionit-evropian-te-konsumatorit-ecu-trajner-ne-trajnimet-3-ditore-ne-5-qytetet-e-shqiperise\/","title":{"rendered":"Mariano Votta ekretari i p\u00ebrgjithsh\u00ebm i Unionit Evropian t\u00eb Konsumatorit-ECU: Trajner n\u00eb trajnimet 3 ditore n\u00eb 5 qytetet e Shqip\u00ebris\u00eb"},"content":{"rendered":"<div class=\"kvgmc6g5 cxmmr5t8 oygrvhab hcukyx3x c1et5uql ii04i59q\">\n<div dir=\"auto\">Si lektor n\u00eb trajnimet 3-ditore q\u00eb IZHIQ po zhvillon n\u00eb Kor\u00e7\u00eb (si dhe do vazhdojn\u00eb sipas nj\u00eb kalendari t\u00eb p\u00ebrcaktuar edhe n\u00eb 4 qytete t\u00eb tjera), \u00ebsht\u00eb edhe eksperti nd\u00ebrkomb\u00ebtar, sekretari i p\u00ebrgjithsh\u00ebm i Unionit Evropian t\u00eb Konsumatorit-ECU, z. Mariano Vota.<\/div>\n<\/div>\n<div class=\"cxmmr5t8 oygrvhab hcukyx3x c1et5uql o9v6fnle ii04i59q\">\n<div dir=\"auto\"><a class=\"oajrlxb2 g5ia77u1 qu0x051f esr5mh6w e9989ue4 r7d6kgcz rq0escxv nhd2j8a9 nc684nl6 p7hjln8o kvgmc6g5 cxmmr5t8 oygrvhab hcukyx3x jb3vyjys rz4wbd8a qt6c0cv9 a8nywdso i1ao9s8h esuyzwwr f1sip0of lzcic4wl gpro0wi8 q66pz984 b1v8xokw\" role=\"link\" href=\"https:\/\/www.facebook.com\/hashtag\/profil?__eep__=6&amp;__cft__[0]=AZVHaG_2tyIoqK2LFZjXgk9sg8TJ9d2zH5EqJ4UP7Ukkt1CgwNRMeeWLAGoA3tFjfdKY7ozr43UvMdpIx727k9mS8v3HU4wPKipbYujHNyanlRJWQ0b-z8DxAIvSG_lPRZaujleAKo1I3YblfX-FWpTIdzNZUEQPqn72RfOhOR8qZg&amp;__tn__=*NK-R\">#Profil<\/a> &#8211; Mariano Votta \u00ebsht\u00eb Drejtor i Rrjetit t\u00eb Qytetaris\u00eb Aktive (ACN), dega nd\u00ebrkomb\u00ebtare e OJQ -s\u00eb italiane <a class=\"oajrlxb2 g5ia77u1 qu0x051f esr5mh6w e9989ue4 r7d6kgcz rq0escxv nhd2j8a9 nc684nl6 p7hjln8o kvgmc6g5 cxmmr5t8 oygrvhab hcukyx3x jb3vyjys rz4wbd8a qt6c0cv9 a8nywdso i1ao9s8h esuyzwwr f1sip0of lzcic4wl gpro0wi8 q66pz984 b1v8xokw\" role=\"link\" href=\"https:\/\/www.facebook.com\/hashtag\/cittadinanzattiva?__eep__=6&amp;__cft__[0]=AZVHaG_2tyIoqK2LFZjXgk9sg8TJ9d2zH5EqJ4UP7Ukkt1CgwNRMeeWLAGoA3tFjfdKY7ozr43UvMdpIx727k9mS8v3HU4wPKipbYujHNyanlRJWQ0b-z8DxAIvSG_lPRZaujleAKo1I3YblfX-FWpTIdzNZUEQPqn72RfOhOR8qZg&amp;__tn__=*NK-R\">#Cittadinanzattiva<\/a>, ku ai \u00ebsht\u00eb p\u00ebrgjegj\u00ebs p\u00ebr \u00c7\u00ebshtjet Evropiane.<\/div>\n<\/div>\n<div class=\"cxmmr5t8 oygrvhab hcukyx3x c1et5uql o9v6fnle ii04i59q\">\n<div dir=\"auto\">I pasionuar pas \u00e7\u00ebshtjeve t\u00eb kujdesit sh\u00ebndet\u00ebsor dhe konsumatorit, ai ka m\u00eb shum\u00eb se 20 vjet p\u00ebrvoj\u00eb n\u00eb fush\u00ebn e avokimit, angazhimit t\u00eb pal\u00ebve t\u00eb interesuara, projekteve evropiane, komunikimit dhe informacionit qytetar.<\/div>\n<\/div>\n<div class=\"cxmmr5t8 oygrvhab hcukyx3x c1et5uql o9v6fnle ii04i59q\">\n<div dir=\"auto\">N\u00eb vitin 2016 ai u em\u00ebrua nga Komisioni Evropian p\u00ebr t\u00eb p\u00ebrfaq\u00ebsuar Shoqatat Italiane t\u00eb Konsumator\u00ebve n\u00eb Grupin Konsultativ Evropian t\u00eb Konsumatorit, dhe n\u00eb 2017 ai u em\u00ebrua si Sekretar i P\u00ebrgjithsh\u00ebm n\u00eb Unionin Evropian t\u00eb Konsumatorit-ECU.<\/div>\n<\/div>\n<div class=\"cxmmr5t8 oygrvhab hcukyx3x c1et5uql o9v6fnle ii04i59q\">\n<div dir=\"auto\">Temat q\u00eb eksperti nd\u00ebrkomb\u00ebtar trajtoi gjat\u00eb trajnimit:<\/div>\n<div dir=\"auto\"><span class=\"pq6dq46d tbxw36s4 knj5qynh kvgmc6g5 ditlmg2l oygrvhab nvdbi5me sf5mxxl7 gl3lb2sf hhz5lgdu\"><img loading=\"lazy\" decoding=\"async\" src=\"https:\/\/static.xx.fbcdn.net\/images\/emoji.php\/v9\/tac\/1\/16\/1f4cc.png\" alt=\"\ud83d\udccc\" width=\"16\" height=\"16\" \/><\/span> Fushat kryesore t\u00eb politikave t\u00eb BE -s\u00eb n\u00eb lidhje me mbrojtjen e konsumatorit<\/div>\n<div dir=\"auto\"><span class=\"pq6dq46d tbxw36s4 knj5qynh kvgmc6g5 ditlmg2l oygrvhab nvdbi5me sf5mxxl7 gl3lb2sf hhz5lgdu\"><img loading=\"lazy\" decoding=\"async\" src=\"https:\/\/static.xx.fbcdn.net\/images\/emoji.php\/v9\/tac\/1\/16\/1f4cc.png\" alt=\"\ud83d\udccc\" width=\"16\" height=\"16\" \/><\/span> Si t\u00eb zbatohet politika e BE -s\u00eb n\u00eb mbrojtjen e konsumatorit<\/div>\n<div dir=\"auto\"><span class=\"pq6dq46d tbxw36s4 knj5qynh kvgmc6g5 ditlmg2l oygrvhab nvdbi5me sf5mxxl7 gl3lb2sf hhz5lgdu\"><img loading=\"lazy\" decoding=\"async\" src=\"https:\/\/static.xx.fbcdn.net\/images\/emoji.php\/v9\/tac\/1\/16\/1f4cc.png\" alt=\"\ud83d\udccc\" width=\"16\" height=\"16\" \/><\/span> Praktikat m\u00eb t\u00eb mira dhe pikat e dob\u00ebta p\u00ebr mbrojtjen e konsumator\u00ebve n\u00eb BE.<\/div>\n<\/div>\n<div class=\"cxmmr5t8 oygrvhab hcukyx3x c1et5uql o9v6fnle ii04i59q\">\n<div dir=\"auto\">Shoqata Instituti p\u00ebr Zhvillim dhe Iniciativa Qytetare n\u00eb partneritet me <a class=\"oajrlxb2 g5ia77u1 qu0x051f esr5mh6w e9989ue4 r7d6kgcz rq0escxv nhd2j8a9 nc684nl6 p7hjln8o kvgmc6g5 cxmmr5t8 oygrvhab hcukyx3x jb3vyjys rz4wbd8a qt6c0cv9 a8nywdso i1ao9s8h esuyzwwr f1sip0of lzcic4wl gpro0wi8 q66pz984 b1v8xokw\" role=\"link\" href=\"https:\/\/www.facebook.com\/Albanian-Socio-Economic-Think-Tank-331264714216241\/?__cft__[0]=AZVHaG_2tyIoqK2LFZjXgk9sg8TJ9d2zH5EqJ4UP7Ukkt1CgwNRMeeWLAGoA3tFjfdKY7ozr43UvMdpIx727k9mS8v3HU4wPKipbYujHNyanlRJWQ0b-z8DxAIvSG_lPRZaujleAKo1I3YblfX-FWpTIdzNZUEQPqn72RfOhOR8qZg&amp;__tn__=kK-R\"><span class=\"nc684nl6\">Albanian Socio Economic Think Tank<\/span><\/a>, po zbaton projektin \u201cDrejt BE-s\u00eb: Forcimi i shoq\u00ebris\u00eb civile dhe qeverisjes lokale p\u00ebr nj\u00eb mbrojtje m\u00eb t\u00eb mir\u00eb t\u00eb konsumatorit\u201d.<\/div>\n<\/div>\n<div class=\"cxmmr5t8 oygrvhab hcukyx3x c1et5uql o9v6fnle ii04i59q\">\n<div dir=\"auto\">Ky projekt mbe\u0308shtetet financiarisht nga <a class=\"oajrlxb2 g5ia77u1 qu0x051f esr5mh6w e9989ue4 r7d6kgcz rq0escxv nhd2j8a9 nc684nl6 p7hjln8o kvgmc6g5 cxmmr5t8 oygrvhab hcukyx3x jb3vyjys rz4wbd8a qt6c0cv9 a8nywdso i1ao9s8h esuyzwwr f1sip0of lzcic4wl gpro0wi8 q66pz984 b1v8xokw\" role=\"link\" href=\"https:\/\/www.facebook.com\/eu.delegation.albania?__cft__[0]=AZVHaG_2tyIoqK2LFZjXgk9sg8TJ9d2zH5EqJ4UP7Ukkt1CgwNRMeeWLAGoA3tFjfdKY7ozr43UvMdpIx727k9mS8v3HU4wPKipbYujHNyanlRJWQ0b-z8DxAIvSG_lPRZaujleAKo1I3YblfX-FWpTIdzNZUEQPqn72RfOhOR8qZg&amp;__tn__=-]K-R\"><span class=\"nc684nl6\">European Union in Albania<\/span><\/a><\/div>\n<div dir=\"auto\">ne\u0308pe\u0308rmjet programit IPA 2017, i cili menaxhohet nga Ministria e Financave<\/div>\n<div dir=\"auto\"><a class=\"oajrlxb2 g5ia77u1 qu0x051f esr5mh6w e9989ue4 r7d6kgcz rq0escxv nhd2j8a9 nc684nl6 p7hjln8o kvgmc6g5 cxmmr5t8 oygrvhab hcukyx3x jb3vyjys rz4wbd8a qt6c0cv9 a8nywdso i1ao9s8h esuyzwwr f1sip0of lzcic4wl gpro0wi8 q66pz984 b1v8xokw\" role=\"link\" href=\"https:\/\/www.facebook.com\/cfcualb2017?__cft__[0]=AZVHaG_2tyIoqK2LFZjXgk9sg8TJ9d2zH5EqJ4UP7Ukkt1CgwNRMeeWLAGoA3tFjfdKY7ozr43UvMdpIx727k9mS8v3HU4wPKipbYujHNyanlRJWQ0b-z8DxAIvSG_lPRZaujleAKo1I3YblfX-FWpTIdzNZUEQPqn72RfOhOR8qZg&amp;__tn__=-]K-R\"><span class=\"nc684nl6\">CFCU Albania<\/span><\/a>.<\/div>\n<\/div>\n<div class=\"cxmmr5t8 oygrvhab hcukyx3x c1et5uql o9v6fnle ii04i59q\">\n<div dir=\"auto\">As a lecturer in the 3-day trainings that IZHIQ is conducting in Kor\u00e7a (and will continue according to a calendar set in 4 other cities), is also the international expert, General Secretary of the European Consumer Union-ECU, Mr. Mariano Votta.<\/div>\n<\/div>\n<div class=\"cxmmr5t8 oygrvhab hcukyx3x c1et5uql o9v6fnle ii04i59q\">\n<div dir=\"auto\"><a class=\"oajrlxb2 g5ia77u1 qu0x051f esr5mh6w e9989ue4 r7d6kgcz rq0escxv nhd2j8a9 nc684nl6 p7hjln8o kvgmc6g5 cxmmr5t8 oygrvhab hcukyx3x jb3vyjys rz4wbd8a qt6c0cv9 a8nywdso i1ao9s8h esuyzwwr f1sip0of lzcic4wl gpro0wi8 q66pz984 b1v8xokw\" role=\"link\" href=\"https:\/\/www.facebook.com\/hashtag\/profile?__eep__=6&amp;__cft__[0]=AZVHaG_2tyIoqK2LFZjXgk9sg8TJ9d2zH5EqJ4UP7Ukkt1CgwNRMeeWLAGoA3tFjfdKY7ozr43UvMdpIx727k9mS8v3HU4wPKipbYujHNyanlRJWQ0b-z8DxAIvSG_lPRZaujleAKo1I3YblfX-FWpTIdzNZUEQPqn72RfOhOR8qZg&amp;__tn__=*NK-R\">#Profile<\/a> &#8211; Mariano Votta is the Director of the <a class=\"oajrlxb2 g5ia77u1 qu0x051f esr5mh6w e9989ue4 r7d6kgcz rq0escxv nhd2j8a9 nc684nl6 p7hjln8o kvgmc6g5 cxmmr5t8 oygrvhab hcukyx3x jb3vyjys rz4wbd8a qt6c0cv9 a8nywdso i1ao9s8h esuyzwwr f1sip0of lzcic4wl gpro0wi8 q66pz984 b1v8xokw\" role=\"link\" href=\"https:\/\/www.facebook.com\/activecitizenshipnetwork\/?__cft__[0]=AZVHaG_2tyIoqK2LFZjXgk9sg8TJ9d2zH5EqJ4UP7Ukkt1CgwNRMeeWLAGoA3tFjfdKY7ozr43UvMdpIx727k9mS8v3HU4wPKipbYujHNyanlRJWQ0b-z8DxAIvSG_lPRZaujleAKo1I3YblfX-FWpTIdzNZUEQPqn72RfOhOR8qZg&amp;__tn__=kK-R\"><span class=\"nc684nl6\">Active citizenship Network<\/span><\/a>(ACN), the international branch of the Italian NGO <a class=\"oajrlxb2 g5ia77u1 qu0x051f esr5mh6w e9989ue4 r7d6kgcz rq0escxv nhd2j8a9 nc684nl6 p7hjln8o kvgmc6g5 cxmmr5t8 oygrvhab hcukyx3x jb3vyjys rz4wbd8a qt6c0cv9 a8nywdso i1ao9s8h esuyzwwr f1sip0of lzcic4wl gpro0wi8 q66pz984 b1v8xokw\" role=\"link\" href=\"https:\/\/www.facebook.com\/hashtag\/cittadinanzattiva?__eep__=6&amp;__cft__[0]=AZVHaG_2tyIoqK2LFZjXgk9sg8TJ9d2zH5EqJ4UP7Ukkt1CgwNRMeeWLAGoA3tFjfdKY7ozr43UvMdpIx727k9mS8v3HU4wPKipbYujHNyanlRJWQ0b-z8DxAIvSG_lPRZaujleAKo1I3YblfX-FWpTIdzNZUEQPqn72RfOhOR8qZg&amp;__tn__=*NK-R\">#Cittadinanzattiva<\/a>, where he is responsible for European Affairs.<\/div>\n<\/div>\n<div class=\"cxmmr5t8 oygrvhab hcukyx3x c1et5uql o9v6fnle ii04i59q\">\n<div dir=\"auto\">Passionate about healthcare and consumer issues, he has more than 20 years of experience in the field of advocacy, stakeholder engagement, European projects, communication and civic information.<\/div>\n<\/div>\n<div class=\"cxmmr5t8 oygrvhab hcukyx3x c1et5uql o9v6fnle ii04i59q\">\n<div dir=\"auto\">In 2016 he was appointed by the European Commission to represent the Italian Consumer Associations in the European Consumer Consultative Group, and in 2017 he was appointed General Secretary of the European Consumer Union-ECU.<\/div>\n<\/div>\n<div class=\"cxmmr5t8 oygrvhab hcukyx3x c1et5uql o9v6fnle ii04i59q\">\n<div dir=\"auto\">Topics that the international expert addressed during the training:<\/div>\n<div dir=\"auto\"><span class=\"pq6dq46d tbxw36s4 knj5qynh kvgmc6g5 ditlmg2l oygrvhab nvdbi5me sf5mxxl7 gl3lb2sf hhz5lgdu\"><img loading=\"lazy\" decoding=\"async\" src=\"https:\/\/static.xx.fbcdn.net\/images\/emoji.php\/v9\/tac\/1\/16\/1f4cc.png\" alt=\"\ud83d\udccc\" width=\"16\" height=\"16\" \/><\/span> Key EU policy areas related to consumer protection<\/div>\n<div dir=\"auto\"><span class=\"pq6dq46d tbxw36s4 knj5qynh kvgmc6g5 ditlmg2l oygrvhab nvdbi5me sf5mxxl7 gl3lb2sf hhz5lgdu\"><img loading=\"lazy\" decoding=\"async\" src=\"https:\/\/static.xx.fbcdn.net\/images\/emoji.php\/v9\/tac\/1\/16\/1f4cc.png\" alt=\"\ud83d\udccc\" width=\"16\" height=\"16\" \/><\/span> Leading &amp; implementing the consumer policy<\/div>\n<div dir=\"auto\"><span class=\"pq6dq46d tbxw36s4 knj5qynh kvgmc6g5 ditlmg2l oygrvhab nvdbi5me sf5mxxl7 gl3lb2sf hhz5lgdu\"><img loading=\"lazy\" decoding=\"async\" src=\"https:\/\/static.xx.fbcdn.net\/images\/emoji.php\/v9\/tac\/1\/16\/1f4cc.png\" alt=\"\ud83d\udccc\" width=\"16\" height=\"16\" \/><\/span> Active Citizenship &amp; consumer protection<\/div>\n<div dir=\"auto\"><span class=\"pq6dq46d tbxw36s4 knj5qynh kvgmc6g5 ditlmg2l oygrvhab nvdbi5me sf5mxxl7 gl3lb2sf hhz5lgdu\"><img loading=\"lazy\" decoding=\"async\" src=\"https:\/\/static.xx.fbcdn.net\/images\/emoji.php\/v9\/tac\/1\/16\/1f4cc.png\" alt=\"\ud83d\udccc\" width=\"16\" height=\"16\" \/><\/span> Best EU practices on consumer protection<\/div>\n<\/div>\n<div class=\"cxmmr5t8 oygrvhab hcukyx3x c1et5uql o9v6fnle ii04i59q\">\n<div dir=\"auto\">Instituti per Zhvillim dhe Inisiativa Qytetare in partnership with <a class=\"oajrlxb2 g5ia77u1 qu0x051f esr5mh6w e9989ue4 r7d6kgcz rq0escxv nhd2j8a9 nc684nl6 p7hjln8o kvgmc6g5 cxmmr5t8 oygrvhab hcukyx3x jb3vyjys rz4wbd8a qt6c0cv9 a8nywdso i1ao9s8h esuyzwwr f1sip0of lzcic4wl gpro0wi8 q66pz984 b1v8xokw\" role=\"link\" href=\"https:\/\/www.facebook.com\/Albanian-Socio-Economic-Think-Tank-331264714216241\/?__cft__[0]=AZVHaG_2tyIoqK2LFZjXgk9sg8TJ9d2zH5EqJ4UP7Ukkt1CgwNRMeeWLAGoA3tFjfdKY7ozr43UvMdpIx727k9mS8v3HU4wPKipbYujHNyanlRJWQ0b-z8DxAIvSG_lPRZaujleAKo1I3YblfX-FWpTIdzNZUEQPqn72RfOhOR8qZg&amp;__tn__=kK-R\"><span class=\"nc684nl6\">Albanian Socio Economic Think Tank<\/span><\/a>, is implementing the Project &#8221; Toward EU: Strengthening CSOs and local government for better consumer protection &#8220;.<\/div>\n<\/div>\n<div class=\"cxmmr5t8 oygrvhab hcukyx3x c1et5uql o9v6fnle ii04i59q\">\n<div dir=\"auto\">This project is financially supported by <a class=\"oajrlxb2 g5ia77u1 qu0x051f esr5mh6w e9989ue4 r7d6kgcz rq0escxv nhd2j8a9 nc684nl6 p7hjln8o kvgmc6g5 cxmmr5t8 oygrvhab hcukyx3x jb3vyjys rz4wbd8a qt6c0cv9 a8nywdso i1ao9s8h esuyzwwr f1sip0of lzcic4wl gpro0wi8 q66pz984 b1v8xokw\" role=\"link\" href=\"https:\/\/www.facebook.com\/eu.delegation.albania?__cft__[0]=AZVHaG_2tyIoqK2LFZjXgk9sg8TJ9d2zH5EqJ4UP7Ukkt1CgwNRMeeWLAGoA3tFjfdKY7ozr43UvMdpIx727k9mS8v3HU4wPKipbYujHNyanlRJWQ0b-z8DxAIvSG_lPRZaujleAKo1I3YblfX-FWpTIdzNZUEQPqn72RfOhOR8qZg&amp;__tn__=-]K-R\"><span class=\"nc684nl6\">European Union in Albania<\/span><\/a> through the IPA 2017 program, which is managed by the Ministry of Finance <a class=\"oajrlxb2 g5ia77u1 qu0x051f esr5mh6w e9989ue4 r7d6kgcz rq0escxv nhd2j8a9 nc684nl6 p7hjln8o kvgmc6g5 cxmmr5t8 oygrvhab hcukyx3x jb3vyjys rz4wbd8a qt6c0cv9 a8nywdso i1ao9s8h esuyzwwr f1sip0of lzcic4wl gpro0wi8 q66pz984 b1v8xokw\" role=\"link\" href=\"https:\/\/www.facebook.com\/cfcualb2017?__cft__[0]=AZVHaG_2tyIoqK2LFZjXgk9sg8TJ9d2zH5EqJ4UP7Ukkt1CgwNRMeeWLAGoA3tFjfdKY7ozr43UvMdpIx727k9mS8v3HU4wPKipbYujHNyanlRJWQ0b-z8DxAIvSG_lPRZaujleAKo1I3YblfX-FWpTIdzNZUEQPqn72RfOhOR8qZg&amp;__tn__=-]K-R\"><span class=\"nc684nl6\">CFCU Albania<\/span><\/a>.<\/div>\n<div dir=\"auto\"><\/div>\n<\/div>\n","protected":false},"excerpt":{"rendered":"<p>Si lektor n\u00eb trajnimet 3-ditore q\u00eb IZHIQ po zhvillon n\u00eb Kor\u00e7\u00eb (si dhe do vazhdojn\u00eb sipas nj\u00eb kalendari t\u00eb p\u00ebrcaktuar edhe &#8230;<\/p>","protected":false},"author":3,"featured_media":1701,"comment_status":"open","ping_status":"open","sticky":false,"template":"","format":"standard","meta":{"_vp_format_video_url":"","_vp_image_focal_point":[],"footnotes":"","_links_to":"","_links_to_target":""},"categories":[48,59],"tags":[],"class_list":["post-1700","post","type-post","status-publish","format-standard","hentry","category-aktivitete","category-aktivitete-te-drejtat-e-konsumatorit"],"yoast_head":"<!-- This site is optimized with the Yoast SEO plugin v27.5 - https:\/\/yoast.com\/product\/yoast-seo-wordpress\/ -->\n<title>Mariano Votta ekretari i p\u00ebrgjithsh\u00ebm i Unionit Evropian t\u00eb Konsumatorit-ECU: Trajner n\u00eb trajnimet 3 ditore n\u00eb 5 qytetet e Shqip\u00ebris\u00eb - Instituti per Zhvillim dhe Inisiativa Qytetare<\/title>\n<meta name=\"robots\" content=\"index, follow, max-snippet:-1, max-image-preview:large, max-video-preview:-1\" \/>\n<link rel=\"canonical\" href=\"https:\/\/www.izhiq.org.al\/en\/2022\/02\/04\/mariano-votta-ekretari-i-pergjithshem-i-unionit-evropian-te-konsumatorit-ecu-trajner-ne-trajnimet-3-ditore-ne-5-qytetet-e-shqiperise\/\" \/>\n<meta property=\"og:locale\" content=\"en_US\" \/>\n<meta property=\"og:type\" content=\"article\" \/>\n<meta property=\"og:title\" content=\"Mariano Votta ekretari i p\u00ebrgjithsh\u00ebm i Unionit Evropian t\u00eb Konsumatorit-ECU: Trajner n\u00eb trajnimet 3 ditore n\u00eb 5 qytetet e Shqip\u00ebris\u00eb - Instituti per Zhvillim dhe Inisiativa Qytetare\" \/>\n<meta property=\"og:description\" content=\"Si lektor n\u00eb trajnimet 3-ditore q\u00eb IZHIQ po zhvillon n\u00eb Kor\u00e7\u00eb (si dhe do vazhdojn\u00eb sipas nj\u00eb kalendari t\u00eb p\u00ebrcaktuar edhe ...\" \/>\n<meta property=\"og:url\" content=\"https:\/\/www.izhiq.org.al\/en\/2022\/02\/04\/mariano-votta-ekretari-i-pergjithshem-i-unionit-evropian-te-konsumatorit-ecu-trajner-ne-trajnimet-3-ditore-ne-5-qytetet-e-shqiperise\/\" \/>\n<meta property=\"og:site_name\" content=\"Instituti per Zhvillim dhe Inisiativa Qytetare\" \/>\n<meta property=\"article:published_time\" content=\"2022-02-04T08:29:18+00:00\" \/>\n<meta property=\"article:modified_time\" content=\"2022-03-09T12:15:43+00:00\" \/>\n<meta property=\"og:image\" content=\"https:\/\/www.izhiq.org.al\/wp-content\/uploads\/2022\/02\/243358992_424388009076910_8237058794772809281_n-1.jpg\" \/>\n\t<meta property=\"og:image:width\" content=\"1920\" \/>\n\t<meta property=\"og:image:height\" content=\"1080\" \/>\n\t<meta property=\"og:image:type\" content=\"image\/jpeg\" \/>\n<meta name=\"author\" content=\"Daniela Burnazi\" \/>\n<meta name=\"twitter:card\" content=\"summary_large_image\" \/>\n<meta name=\"twitter:label1\" content=\"Written by\" \/>\n\t<meta name=\"twitter:data1\" content=\"Daniela Burnazi\" \/>\n\t<meta name=\"twitter:label2\" content=\"Est. reading time\" \/>\n\t<meta name=\"twitter:data2\" content=\"4 minutes\" \/>\n<script type=\"application\/ld+json\" class=\"yoast-schema-graph\">{\"@context\":\"https:\\\/\\\/schema.org\",\"@graph\":[{\"@type\":\"Article\",\"@id\":\"https:\\\/\\\/www.izhiq.org.al\\\/2022\\\/02\\\/04\\\/mariano-votta-ekretari-i-pergjithshem-i-unionit-evropian-te-konsumatorit-ecu-trajner-ne-trajnimet-3-ditore-ne-5-qytetet-e-shqiperise\\\/#article\",\"isPartOf\":{\"@id\":\"https:\\\/\\\/www.izhiq.org.al\\\/2022\\\/02\\\/04\\\/mariano-votta-ekretari-i-pergjithshem-i-unionit-evropian-te-konsumatorit-ecu-trajner-ne-trajnimet-3-ditore-ne-5-qytetet-e-shqiperise\\\/\"},\"author\":{\"name\":\"Daniela Burnazi\",\"@id\":\"https:\\\/\\\/www.izhiq.org.al\\\/#\\\/schema\\\/person\\\/eb975c9d487030021f1785effadb2228\"},\"headline\":\"Mariano Votta ekretari i p\u00ebrgjithsh\u00ebm i Unionit Evropian t\u00eb Konsumatorit-ECU: Trajner n\u00eb trajnimet 3 ditore n\u00eb 5 qytetet e Shqip\u00ebris\u00eb\",\"datePublished\":\"2022-02-04T08:29:18+00:00\",\"dateModified\":\"2022-03-09T12:15:43+00:00\",\"mainEntityOfPage\":{\"@id\":\"https:\\\/\\\/www.izhiq.org.al\\\/2022\\\/02\\\/04\\\/mariano-votta-ekretari-i-pergjithshem-i-unionit-evropian-te-konsumatorit-ecu-trajner-ne-trajnimet-3-ditore-ne-5-qytetet-e-shqiperise\\\/\"},\"wordCount\":501,\"commentCount\":0,\"image\":{\"@id\":\"https:\\\/\\\/www.izhiq.org.al\\\/2022\\\/02\\\/04\\\/mariano-votta-ekretari-i-pergjithshem-i-unionit-evropian-te-konsumatorit-ecu-trajner-ne-trajnimet-3-ditore-ne-5-qytetet-e-shqiperise\\\/#primaryimage\"},\"thumbnailUrl\":\"https:\\\/\\\/www.izhiq.org.al\\\/wp-content\\\/uploads\\\/2022\\\/02\\\/243358992_424388009076910_8237058794772809281_n-1.jpg\",\"articleSection\":[\"Aktivitete\",\"Aktivitete te drejtat e konsumatorit\"],\"inLanguage\":\"en-US\",\"potentialAction\":[{\"@type\":\"CommentAction\",\"name\":\"Comment\",\"target\":[\"https:\\\/\\\/www.izhiq.org.al\\\/2022\\\/02\\\/04\\\/mariano-votta-ekretari-i-pergjithshem-i-unionit-evropian-te-konsumatorit-ecu-trajner-ne-trajnimet-3-ditore-ne-5-qytetet-e-shqiperise\\\/#respond\"]}]},{\"@type\":\"WebPage\",\"@id\":\"https:\\\/\\\/www.izhiq.org.al\\\/2022\\\/02\\\/04\\\/mariano-votta-ekretari-i-pergjithshem-i-unionit-evropian-te-konsumatorit-ecu-trajner-ne-trajnimet-3-ditore-ne-5-qytetet-e-shqiperise\\\/\",\"url\":\"https:\\\/\\\/www.izhiq.org.al\\\/2022\\\/02\\\/04\\\/mariano-votta-ekretari-i-pergjithshem-i-unionit-evropian-te-konsumatorit-ecu-trajner-ne-trajnimet-3-ditore-ne-5-qytetet-e-shqiperise\\\/\",\"name\":\"Mariano Votta ekretari i p\u00ebrgjithsh\u00ebm i Unionit Evropian t\u00eb Konsumatorit-ECU: Trajner n\u00eb trajnimet 3 ditore n\u00eb 5 qytetet e Shqip\u00ebris\u00eb - Instituti per Zhvillim dhe Inisiativa Qytetare\",\"isPartOf\":{\"@id\":\"https:\\\/\\\/www.izhiq.org.al\\\/#website\"},\"primaryImageOfPage\":{\"@id\":\"https:\\\/\\\/www.izhiq.org.al\\\/2022\\\/02\\\/04\\\/mariano-votta-ekretari-i-pergjithshem-i-unionit-evropian-te-konsumatorit-ecu-trajner-ne-trajnimet-3-ditore-ne-5-qytetet-e-shqiperise\\\/#primaryimage\"},\"image\":{\"@id\":\"https:\\\/\\\/www.izhiq.org.al\\\/2022\\\/02\\\/04\\\/mariano-votta-ekretari-i-pergjithshem-i-unionit-evropian-te-konsumatorit-ecu-trajner-ne-trajnimet-3-ditore-ne-5-qytetet-e-shqiperise\\\/#primaryimage\"},\"thumbnailUrl\":\"https:\\\/\\\/www.izhiq.org.al\\\/wp-content\\\/uploads\\\/2022\\\/02\\\/243358992_424388009076910_8237058794772809281_n-1.jpg\",\"datePublished\":\"2022-02-04T08:29:18+00:00\",\"dateModified\":\"2022-03-09T12:15:43+00:00\",\"author\":{\"@id\":\"https:\\\/\\\/www.izhiq.org.al\\\/#\\\/schema\\\/person\\\/eb975c9d487030021f1785effadb2228\"},\"breadcrumb\":{\"@id\":\"https:\\\/\\\/www.izhiq.org.al\\\/2022\\\/02\\\/04\\\/mariano-votta-ekretari-i-pergjithshem-i-unionit-evropian-te-konsumatorit-ecu-trajner-ne-trajnimet-3-ditore-ne-5-qytetet-e-shqiperise\\\/#breadcrumb\"},\"inLanguage\":\"en-US\",\"potentialAction\":[{\"@type\":\"ReadAction\",\"target\":[\"https:\\\/\\\/www.izhiq.org.al\\\/2022\\\/02\\\/04\\\/mariano-votta-ekretari-i-pergjithshem-i-unionit-evropian-te-konsumatorit-ecu-trajner-ne-trajnimet-3-ditore-ne-5-qytetet-e-shqiperise\\\/\"]}]},{\"@type\":\"ImageObject\",\"inLanguage\":\"en-US\",\"@id\":\"https:\\\/\\\/www.izhiq.org.al\\\/2022\\\/02\\\/04\\\/mariano-votta-ekretari-i-pergjithshem-i-unionit-evropian-te-konsumatorit-ecu-trajner-ne-trajnimet-3-ditore-ne-5-qytetet-e-shqiperise\\\/#primaryimage\",\"url\":\"https:\\\/\\\/www.izhiq.org.al\\\/wp-content\\\/uploads\\\/2022\\\/02\\\/243358992_424388009076910_8237058794772809281_n-1.jpg\",\"contentUrl\":\"https:\\\/\\\/www.izhiq.org.al\\\/wp-content\\\/uploads\\\/2022\\\/02\\\/243358992_424388009076910_8237058794772809281_n-1.jpg\",\"width\":1920,\"height\":1080},{\"@type\":\"BreadcrumbList\",\"@id\":\"https:\\\/\\\/www.izhiq.org.al\\\/2022\\\/02\\\/04\\\/mariano-votta-ekretari-i-pergjithshem-i-unionit-evropian-te-konsumatorit-ecu-trajner-ne-trajnimet-3-ditore-ne-5-qytetet-e-shqiperise\\\/#breadcrumb\",\"itemListElement\":[{\"@type\":\"ListItem\",\"position\":1,\"name\":\"Home\",\"item\":\"https:\\\/\\\/www.izhiq.org.al\\\/\"},{\"@type\":\"ListItem\",\"position\":2,\"name\":\"Mariano Votta ekretari i p\u00ebrgjithsh\u00ebm i Unionit Evropian t\u00eb Konsumatorit-ECU: Trajner n\u00eb trajnimet 3 ditore n\u00eb 5 qytetet e Shqip\u00ebris\u00eb\"}]},{\"@type\":\"WebSite\",\"@id\":\"https:\\\/\\\/www.izhiq.org.al\\\/#website\",\"url\":\"https:\\\/\\\/www.izhiq.org.al\\\/\",\"name\":\"Instituti per Zhvillim dhe Inisiativa Qytetare\",\"description\":\"Instituti per Zhvillim dhe Inisiativa Qytetare\",\"potentialAction\":[{\"@type\":\"SearchAction\",\"target\":{\"@type\":\"EntryPoint\",\"urlTemplate\":\"https:\\\/\\\/www.izhiq.org.al\\\/?s={search_term_string}\"},\"query-input\":{\"@type\":\"PropertyValueSpecification\",\"valueRequired\":true,\"valueName\":\"search_term_string\"}}],\"inLanguage\":\"en-US\"},{\"@type\":\"Person\",\"@id\":\"https:\\\/\\\/www.izhiq.org.al\\\/#\\\/schema\\\/person\\\/eb975c9d487030021f1785effadb2228\",\"name\":\"Daniela Burnazi\",\"image\":{\"@type\":\"ImageObject\",\"inLanguage\":\"en-US\",\"@id\":\"https:\\\/\\\/secure.gravatar.com\\\/avatar\\\/5aa5e701a63f11fd3fd70df1f48f9e23d0db512e36a4b79f45f92af2f58c141b?s=96&d=mm&r=g\",\"url\":\"https:\\\/\\\/secure.gravatar.com\\\/avatar\\\/5aa5e701a63f11fd3fd70df1f48f9e23d0db512e36a4b79f45f92af2f58c141b?s=96&d=mm&r=g\",\"contentUrl\":\"https:\\\/\\\/secure.gravatar.com\\\/avatar\\\/5aa5e701a63f11fd3fd70df1f48f9e23d0db512e36a4b79f45f92af2f58c141b?s=96&d=mm&r=g\",\"caption\":\"Daniela Burnazi\"},\"url\":\"https:\\\/\\\/www.izhiq.org.al\\\/en\\\/author\\\/danielaburnazi\\\/\"}]}<\/script>\n<!-- \/ Yoast SEO plugin. -->","yoast_head_json":{"title":"Mariano Votta ekretari i p\u00ebrgjithsh\u00ebm i Unionit Evropian t\u00eb Konsumatorit-ECU: Trajner n\u00eb trajnimet 3 ditore n\u00eb 5 qytetet e Shqip\u00ebris\u00eb - Instituti per Zhvillim dhe Inisiativa Qytetare","robots":{"index":"index","follow":"follow","max-snippet":"max-snippet:-1","max-image-preview":"max-image-preview:large","max-video-preview":"max-video-preview:-1"},"canonical":"https:\/\/www.izhiq.org.al\/en\/2022\/02\/04\/mariano-votta-ekretari-i-pergjithshem-i-unionit-evropian-te-konsumatorit-ecu-trajner-ne-trajnimet-3-ditore-ne-5-qytetet-e-shqiperise\/","og_locale":"en_US","og_type":"article","og_title":"Mariano Votta ekretari i p\u00ebrgjithsh\u00ebm i Unionit Evropian t\u00eb Konsumatorit-ECU: Trajner n\u00eb trajnimet 3 ditore n\u00eb 5 qytetet e Shqip\u00ebris\u00eb - Instituti per Zhvillim dhe Inisiativa Qytetare","og_description":"Si lektor n\u00eb trajnimet 3-ditore q\u00eb IZHIQ po zhvillon n\u00eb Kor\u00e7\u00eb (si dhe do vazhdojn\u00eb sipas nj\u00eb kalendari t\u00eb p\u00ebrcaktuar edhe ...","og_url":"https:\/\/www.izhiq.org.al\/en\/2022\/02\/04\/mariano-votta-ekretari-i-pergjithshem-i-unionit-evropian-te-konsumatorit-ecu-trajner-ne-trajnimet-3-ditore-ne-5-qytetet-e-shqiperise\/","og_site_name":"Instituti per Zhvillim dhe Inisiativa Qytetare","article_published_time":"2022-02-04T08:29:18+00:00","article_modified_time":"2022-03-09T12:15:43+00:00","og_image":[{"width":1920,"height":1080,"url":"https:\/\/www.izhiq.org.al\/wp-content\/uploads\/2022\/02\/243358992_424388009076910_8237058794772809281_n-1.jpg","type":"image\/jpeg"}],"author":"Daniela Burnazi","twitter_card":"summary_large_image","twitter_misc":{"Written by":"Daniela Burnazi","Est. reading time":"4 minutes"},"schema":{"@context":"https:\/\/schema.org","@graph":[{"@type":"Article","@id":"https:\/\/www.izhiq.org.al\/2022\/02\/04\/mariano-votta-ekretari-i-pergjithshem-i-unionit-evropian-te-konsumatorit-ecu-trajner-ne-trajnimet-3-ditore-ne-5-qytetet-e-shqiperise\/#article","isPartOf":{"@id":"https:\/\/www.izhiq.org.al\/2022\/02\/04\/mariano-votta-ekretari-i-pergjithshem-i-unionit-evropian-te-konsumatorit-ecu-trajner-ne-trajnimet-3-ditore-ne-5-qytetet-e-shqiperise\/"},"author":{"name":"Daniela Burnazi","@id":"https:\/\/www.izhiq.org.al\/#\/schema\/person\/eb975c9d487030021f1785effadb2228"},"headline":"Mariano Votta ekretari i p\u00ebrgjithsh\u00ebm i Unionit Evropian t\u00eb Konsumatorit-ECU: Trajner n\u00eb trajnimet 3 ditore n\u00eb 5 qytetet e Shqip\u00ebris\u00eb","datePublished":"2022-02-04T08:29:18+00:00","dateModified":"2022-03-09T12:15:43+00:00","mainEntityOfPage":{"@id":"https:\/\/www.izhiq.org.al\/2022\/02\/04\/mariano-votta-ekretari-i-pergjithshem-i-unionit-evropian-te-konsumatorit-ecu-trajner-ne-trajnimet-3-ditore-ne-5-qytetet-e-shqiperise\/"},"wordCount":501,"commentCount":0,"image":{"@id":"https:\/\/www.izhiq.org.al\/2022\/02\/04\/mariano-votta-ekretari-i-pergjithshem-i-unionit-evropian-te-konsumatorit-ecu-trajner-ne-trajnimet-3-ditore-ne-5-qytetet-e-shqiperise\/#primaryimage"},"thumbnailUrl":"https:\/\/www.izhiq.org.al\/wp-content\/uploads\/2022\/02\/243358992_424388009076910_8237058794772809281_n-1.jpg","articleSection":["Aktivitete","Aktivitete te drejtat e konsumatorit"],"inLanguage":"en-US","potentialAction":[{"@type":"CommentAction","name":"Comment","target":["https:\/\/www.izhiq.org.al\/2022\/02\/04\/mariano-votta-ekretari-i-pergjithshem-i-unionit-evropian-te-konsumatorit-ecu-trajner-ne-trajnimet-3-ditore-ne-5-qytetet-e-shqiperise\/#respond"]}]},{"@type":"WebPage","@id":"https:\/\/www.izhiq.org.al\/2022\/02\/04\/mariano-votta-ekretari-i-pergjithshem-i-unionit-evropian-te-konsumatorit-ecu-trajner-ne-trajnimet-3-ditore-ne-5-qytetet-e-shqiperise\/","url":"https:\/\/www.izhiq.org.al\/2022\/02\/04\/mariano-votta-ekretari-i-pergjithshem-i-unionit-evropian-te-konsumatorit-ecu-trajner-ne-trajnimet-3-ditore-ne-5-qytetet-e-shqiperise\/","name":"Mariano Votta ekretari i p\u00ebrgjithsh\u00ebm i Unionit Evropian t\u00eb Konsumatorit-ECU: Trajner n\u00eb trajnimet 3 ditore n\u00eb 5 qytetet e Shqip\u00ebris\u00eb - Instituti per Zhvillim dhe Inisiativa Qytetare","isPartOf":{"@id":"https:\/\/www.izhiq.org.al\/#website"},"primaryImageOfPage":{"@id":"https:\/\/www.izhiq.org.al\/2022\/02\/04\/mariano-votta-ekretari-i-pergjithshem-i-unionit-evropian-te-konsumatorit-ecu-trajner-ne-trajnimet-3-ditore-ne-5-qytetet-e-shqiperise\/#primaryimage"},"image":{"@id":"https:\/\/www.izhiq.org.al\/2022\/02\/04\/mariano-votta-ekretari-i-pergjithshem-i-unionit-evropian-te-konsumatorit-ecu-trajner-ne-trajnimet-3-ditore-ne-5-qytetet-e-shqiperise\/#primaryimage"},"thumbnailUrl":"https:\/\/www.izhiq.org.al\/wp-content\/uploads\/2022\/02\/243358992_424388009076910_8237058794772809281_n-1.jpg","datePublished":"2022-02-04T08:29:18+00:00","dateModified":"2022-03-09T12:15:43+00:00","author":{"@id":"https:\/\/www.izhiq.org.al\/#\/schema\/person\/eb975c9d487030021f1785effadb2228"},"breadcrumb":{"@id":"https:\/\/www.izhiq.org.al\/2022\/02\/04\/mariano-votta-ekretari-i-pergjithshem-i-unionit-evropian-te-konsumatorit-ecu-trajner-ne-trajnimet-3-ditore-ne-5-qytetet-e-shqiperise\/#breadcrumb"},"inLanguage":"en-US","potentialAction":[{"@type":"ReadAction","target":["https:\/\/www.izhiq.org.al\/2022\/02\/04\/mariano-votta-ekretari-i-pergjithshem-i-unionit-evropian-te-konsumatorit-ecu-trajner-ne-trajnimet-3-ditore-ne-5-qytetet-e-shqiperise\/"]}]},{"@type":"ImageObject","inLanguage":"en-US","@id":"https:\/\/www.izhiq.org.al\/2022\/02\/04\/mariano-votta-ekretari-i-pergjithshem-i-unionit-evropian-te-konsumatorit-ecu-trajner-ne-trajnimet-3-ditore-ne-5-qytetet-e-shqiperise\/#primaryimage","url":"https:\/\/www.izhiq.org.al\/wp-content\/uploads\/2022\/02\/243358992_424388009076910_8237058794772809281_n-1.jpg","contentUrl":"https:\/\/www.izhiq.org.al\/wp-content\/uploads\/2022\/02\/243358992_424388009076910_8237058794772809281_n-1.jpg","width":1920,"height":1080},{"@type":"BreadcrumbList","@id":"https:\/\/www.izhiq.org.al\/2022\/02\/04\/mariano-votta-ekretari-i-pergjithshem-i-unionit-evropian-te-konsumatorit-ecu-trajner-ne-trajnimet-3-ditore-ne-5-qytetet-e-shqiperise\/#breadcrumb","itemListElement":[{"@type":"ListItem","position":1,"name":"Home","item":"https:\/\/www.izhiq.org.al\/"},{"@type":"ListItem","position":2,"name":"Mariano Votta ekretari i p\u00ebrgjithsh\u00ebm i Unionit Evropian t\u00eb Konsumatorit-ECU: Trajner n\u00eb trajnimet 3 ditore n\u00eb 5 qytetet e Shqip\u00ebris\u00eb"}]},{"@type":"WebSite","@id":"https:\/\/www.izhiq.org.al\/#website","url":"https:\/\/www.izhiq.org.al\/","name":"Instituti per Zhvillim dhe Inisiativa Qytetare","description":"Instituti per Zhvillim dhe Inisiativa Qytetare","potentialAction":[{"@type":"SearchAction","target":{"@type":"EntryPoint","urlTemplate":"https:\/\/www.izhiq.org.al\/?s={search_term_string}"},"query-input":{"@type":"PropertyValueSpecification","valueRequired":true,"valueName":"search_term_string"}}],"inLanguage":"en-US"},{"@type":"Person","@id":"https:\/\/www.izhiq.org.al\/#\/schema\/person\/eb975c9d487030021f1785effadb2228","name":"Daniela Burnazi","image":{"@type":"ImageObject","inLanguage":"en-US","@id":"https:\/\/secure.gravatar.com\/avatar\/5aa5e701a63f11fd3fd70df1f48f9e23d0db512e36a4b79f45f92af2f58c141b?s=96&d=mm&r=g","url":"https:\/\/secure.gravatar.com\/avatar\/5aa5e701a63f11fd3fd70df1f48f9e23d0db512e36a4b79f45f92af2f58c141b?s=96&d=mm&r=g","contentUrl":"https:\/\/secure.gravatar.com\/avatar\/5aa5e701a63f11fd3fd70df1f48f9e23d0db512e36a4b79f45f92af2f58c141b?s=96&d=mm&r=g","caption":"Daniela Burnazi"},"url":"https:\/\/www.izhiq.org.al\/en\/author\/danielaburnazi\/"}]}},"rttpg_featured_image_url":{"full":["https:\/\/www.izhiq.org.al\/wp-content\/uploads\/2022\/02\/243358992_424388009076910_8237058794772809281_n-1.jpg",1920,1080,false],"landscape":["https:\/\/www.izhiq.org.al\/wp-content\/uploads\/2022\/02\/243358992_424388009076910_8237058794772809281_n-1.jpg",1920,1080,false],"portraits":["https:\/\/www.izhiq.org.al\/wp-content\/uploads\/2022\/02\/243358992_424388009076910_8237058794772809281_n-1.jpg",1920,1080,false],"thumbnail":["https:\/\/www.izhiq.org.al\/wp-content\/uploads\/2022\/02\/243358992_424388009076910_8237058794772809281_n-1-150x150.jpg",150,150,true],"medium":["https:\/\/www.izhiq.org.al\/wp-content\/uploads\/2022\/02\/243358992_424388009076910_8237058794772809281_n-1-300x169.jpg",300,169,true],"large":["https:\/\/www.izhiq.org.al\/wp-content\/uploads\/2022\/02\/243358992_424388009076910_8237058794772809281_n-1-1024x576.jpg",800,450,true],"1536x1536":["https:\/\/www.izhiq.org.al\/wp-content\/uploads\/2022\/02\/243358992_424388009076910_8237058794772809281_n-1-1536x864.jpg",1536,864,true],"2048x2048":["https:\/\/www.izhiq.org.al\/wp-content\/uploads\/2022\/02\/243358992_424388009076910_8237058794772809281_n-1.jpg",1920,1080,false],"trp-custom-language-flag":["https:\/\/www.izhiq.org.al\/wp-content\/uploads\/2022\/02\/243358992_424388009076910_8237058794772809281_n-1-18x10.jpg",18,10,true],"vp_sm":["https:\/\/www.izhiq.org.al\/wp-content\/uploads\/2022\/02\/243358992_424388009076910_8237058794772809281_n-1-500x281.jpg",500,281,true],"vp_md":["https:\/\/www.izhiq.org.al\/wp-content\/uploads\/2022\/02\/243358992_424388009076910_8237058794772809281_n-1-800x450.jpg",800,450,true],"vp_lg":["https:\/\/www.izhiq.org.al\/wp-content\/uploads\/2022\/02\/243358992_424388009076910_8237058794772809281_n-1-1280x720.jpg",1280,720,true],"vp_xl":["https:\/\/www.izhiq.org.al\/wp-content\/uploads\/2022\/02\/243358992_424388009076910_8237058794772809281_n-1.jpg",1920,1080,false],"vp_sm_popup":["https:\/\/www.izhiq.org.al\/wp-content\/uploads\/2022\/02\/243358992_424388009076910_8237058794772809281_n-1-500x281.jpg",500,281,true],"vp_md_popup":["https:\/\/www.izhiq.org.al\/wp-content\/uploads\/2022\/02\/243358992_424388009076910_8237058794772809281_n-1-800x450.jpg",800,450,true],"vp_xl_popup":["https:\/\/www.izhiq.org.al\/wp-content\/uploads\/2022\/02\/243358992_424388009076910_8237058794772809281_n-1.jpg",1920,1080,false],"charitypro_small-thumb":["https:\/\/www.izhiq.org.al\/wp-content\/uploads\/2022\/02\/243358992_424388009076910_8237058794772809281_n-1-400x200.jpg",400,200,true],"charitypro_medium-thumb":["https:\/\/www.izhiq.org.al\/wp-content\/uploads\/2022\/02\/243358992_424388009076910_8237058794772809281_n-1-600x300.jpg",600,300,true],"charitypro_blog-large":["https:\/\/www.izhiq.org.al\/wp-content\/uploads\/2022\/02\/243358992_424388009076910_8237058794772809281_n-1-800x400.jpg",800,400,true],"charitypro_croped-thumb":["https:\/\/www.izhiq.org.al\/wp-content\/uploads\/2022\/02\/243358992_424388009076910_8237058794772809281_n-1-500x306.jpg",500,306,true],"rt_custom":["https:\/\/www.izhiq.org.al\/wp-content\/uploads\/2022\/02\/243358992_424388009076910_8237058794772809281_n-1.jpg",1920,1080,false]},"rttpg_author":{"display_name":"Daniela Burnazi","author_link":"https:\/\/www.izhiq.org.al\/en\/author\/danielaburnazi\/"},"rttpg_comment":0,"rttpg_category":"<a href=\"https:\/\/www.izhiq.org.al\/en\/category\/aktivitete\/\" rel=\"category tag\">Aktivitete<\/a> <a href=\"https:\/\/www.izhiq.org.al\/en\/category\/aktivitete-te-drejtat-e-konsumatorit\/\" rel=\"category tag\">Aktivitete te drejtat e konsumatorit<\/a>","rttpg_excerpt":"Si lektor n\u00eb trajnimet 3-ditore q\u00eb IZHIQ po zhvillon n\u00eb Kor\u00e7\u00eb (si dhe do vazhdojn\u00eb sipas nj\u00eb kalendari t\u00eb p\u00ebrcaktuar edhe ...","_links":{"self":[{"href":"https:\/\/www.izhiq.org.al\/en\/wp-json\/wp\/v2\/posts\/1700","targetHints":{"allow":["GET"]}}],"collection":[{"href":"https:\/\/www.izhiq.org.al\/en\/wp-json\/wp\/v2\/posts"}],"about":[{"href":"https:\/\/www.izhiq.org.al\/en\/wp-json\/wp\/v2\/types\/post"}],"author":[{"embeddable":true,"href":"https:\/\/www.izhiq.org.al\/en\/wp-json\/wp\/v2\/users\/3"}],"replies":[{"embeddable":true,"href":"https:\/\/www.izhiq.org.al\/en\/wp-json\/wp\/v2\/comments?post=1700"}],"version-history":[{"count":1,"href":"https:\/\/www.izhiq.org.al\/en\/wp-json\/wp\/v2\/posts\/1700\/revisions"}],"predecessor-version":[{"id":1702,"href":"https:\/\/www.izhiq.org.al\/en\/wp-json\/wp\/v2\/posts\/1700\/revisions\/1702"}],"wp:featuredmedia":[{"embeddable":true,"href":"https:\/\/www.izhiq.org.al\/en\/wp-json\/wp\/v2\/media\/1701"}],"wp:attachment":[{"href":"https:\/\/www.izhiq.org.al\/en\/wp-json\/wp\/v2\/media?parent=1700"}],"wp:term":[{"taxonomy":"category","embeddable":true,"href":"https:\/\/www.izhiq.org.al\/en\/wp-json\/wp\/v2\/categories?post=1700"},{"taxonomy":"post_tag","embeddable":true,"href":"https:\/\/www.izhiq.org.al\/en\/wp-json\/wp\/v2\/tags?post=1700"}],"curies":[{"name":"wp","href":"https:\/\/api.w.org\/{rel}","templated":true}]}}