{"id":1754,"date":"2022-02-04T09:28:21","date_gmt":"2022-02-04T09:28:21","guid":{"rendered":"https:\/\/www.izhiq.org.al\/?p=1754"},"modified":"2022-05-05T11:34:41","modified_gmt":"2022-05-05T11:34:41","slug":"inspektimet-ne-te-drejten-e-konsumatorit-izhiq-inicion-per-hapjen-e-zyres-se-konmsumatorit-ne-elbasan","status":"publish","type":"post","link":"https:\/\/www.izhiq.org.al\/en\/2022\/02\/04\/inspektimet-ne-te-drejten-e-konsumatorit-izhiq-inicion-per-hapjen-e-zyres-se-konmsumatorit-ne-elbasan\/","title":{"rendered":"Pas trajnimeve: IZHIQ inicion p\u00ebr hapjen e Zyr\u00ebs s\u00eb Konmsumatorit n\u00eb Elbasan"},"content":{"rendered":"<div class=\"kvgmc6g5 cxmmr5t8 oygrvhab hcukyx3x c1et5uql ii04i59q\">\n<div dir=\"auto\"># DITA 3<\/div>\n<\/div>\n<div class=\"cxmmr5t8 oygrvhab hcukyx3x c1et5uql o9v6fnle ii04i59q\">\n<div dir=\"auto\">Dit\u00ebn e sotme u p\u00ebrmbyll trajnimi 3 ditor n\u00eb qytetin e Elbasanit me p\u00ebrfaq\u00ebsuesit e Bashkis\u00eb, shoq\u00ebris\u00eb civile, gazetar\u00eb dhe qytetar\u00eb.<\/div>\n<\/div>\n<div class=\"cxmmr5t8 oygrvhab hcukyx3x c1et5uql o9v6fnle ii04i59q\">\n<div dir=\"auto\"><span class=\"pq6dq46d tbxw36s4 knj5qynh kvgmc6g5 ditlmg2l oygrvhab nvdbi5me sf5mxxl7 gl3lb2sf hhz5lgdu\"><img loading=\"lazy\" decoding=\"async\" src=\"https:\/\/static.xx.fbcdn.net\/images\/emoji.php\/v9\/tfb\/1\/16\/1f5e3.png\" alt=\"\ud83d\udde3\" width=\"16\" height=\"16\" \/><\/span>P\u00ebrfaq\u00ebsuesit e bashkis\u00eb pohuan se kan\u00eb nisur p\u00ebrpjekjet e para serioze p\u00ebr hapjen e zyr\u00ebs s\u00eb konsumatorit n\u00eb k\u00ebt\u00eb Bashki <span class=\"pq6dq46d tbxw36s4 knj5qynh kvgmc6g5 ditlmg2l oygrvhab nvdbi5me sf5mxxl7 gl3lb2sf hhz5lgdu\"><img loading=\"lazy\" decoding=\"async\" src=\"https:\/\/static.xx.fbcdn.net\/images\/emoji.php\/v9\/t6d\/1\/16\/1f973.png\" alt=\"\ud83e\udd73\" width=\"16\" height=\"16\" \/><\/span> nj\u00eb hap ky i r\u00ebnd\u00ebsish\u00ebm dhe dometh\u00ebn\u00ebs edhe p\u00ebr ekipin q\u00eb po punon fuqish\u00ebn n\u00eb implementimin e k\u00ebtij projekti.<\/div>\n<\/div>\n<div class=\"cxmmr5t8 oygrvhab hcukyx3x c1et5uql o9v6fnle ii04i59q\">\n<div dir=\"auto\"><span class=\"pq6dq46d tbxw36s4 knj5qynh kvgmc6g5 ditlmg2l oygrvhab nvdbi5me sf5mxxl7 gl3lb2sf hhz5lgdu\"><img loading=\"lazy\" decoding=\"async\" src=\"https:\/\/static.xx.fbcdn.net\/images\/emoji.php\/v9\/tfb\/1\/16\/1f5e3.png\" alt=\"\ud83d\udde3\" width=\"16\" height=\"16\" \/><\/span>Trajnimi i burimeve njer\u00ebzore, \u00ebsht\u00eb nj\u00eb kontribut i madh n\u00eb p\u00ebrpjekjet q\u00eb po b\u00ebjn\u00eb Bashkit\u00eb e vendit p\u00ebr hapjen e ZYR\u00cbS S\u00cb KONSUMATORIT<\/div>\n<\/div>\n<div class=\"cxmmr5t8 oygrvhab hcukyx3x c1et5uql o9v6fnle ii04i59q\">\n<div dir=\"auto\"><span class=\"pq6dq46d tbxw36s4 knj5qynh kvgmc6g5 ditlmg2l oygrvhab nvdbi5me sf5mxxl7 gl3lb2sf hhz5lgdu\"><img loading=\"lazy\" decoding=\"async\" src=\"https:\/\/static.xx.fbcdn.net\/images\/emoji.php\/v9\/t19\/1\/16\/1f4d1.png\" alt=\"\ud83d\udcd1\" width=\"16\" height=\"16\" \/><\/span>N\u00eb p\u00ebrmbyllje t\u00eb dit\u00ebs s\u00eb tret\u00eb u b\u00eb nj\u00eb \u201cpost test\u201d dhe u shp\u00ebrndan\u00eb certifikata.<\/div>\n<\/div>\n<div class=\"cxmmr5t8 oygrvhab hcukyx3x c1et5uql o9v6fnle ii04i59q\">\n<div dir=\"auto\">Shoqata Instituti per Zhvillim dhe Iniciativa Qytetare n\u00eb partneritet me Albanian Socio Economic Think Tank, po zbaton projektin \u201cDrejt BE-s\u00eb: Forcimi i shoq\u00ebris\u00eb civile dhe qeverisjes lokale p\u00ebr nj\u00eb mbrojtje m\u00eb t\u00eb mir\u00eb t\u00eb konsumatorit\u201d.<\/div>\n<\/div>\n<div class=\"cxmmr5t8 oygrvhab hcukyx3x c1et5uql o9v6fnle ii04i59q\">\n<div dir=\"auto\">Ky projekt mbe\u0308shtetet financiarisht nga European Union in Albania ne\u0308pe\u0308rmjet programit IPA 2017, i cili menaxhohet nga Ministria e Financave CFCU Albania.<\/div>\n<\/div>\n<div dir=\"auto\"><\/div>\n<div class=\"cxmmr5t8 oygrvhab hcukyx3x c1et5uql o9v6fnle ii04i59q\">\n<div dir=\"auto\"><a class=\"oajrlxb2 g5ia77u1 qu0x051f esr5mh6w e9989ue4 r7d6kgcz rq0escxv nhd2j8a9 nc684nl6 p7hjln8o kvgmc6g5 cxmmr5t8 oygrvhab hcukyx3x jb3vyjys rz4wbd8a qt6c0cv9 a8nywdso i1ao9s8h esuyzwwr f1sip0of lzcic4wl gpro0wi8 q66pz984 b1v8xokw\" role=\"link\" href=\"https:\/\/www.facebook.com\/hashtag\/day3?__eep__=6&amp;__cft__[0]=AZUuqeX7GBtOxmM7HimB6Iq59cYEJx2brekDWSIx8NCF255Hn1Z5YQQWTrfOgeU5baCefP8FhDZrZTQ0rSYjn-oZrTl1jXCFOYxw5XgGU-r_zPaBrndCI85Zd2UETNFaS2obD9y5551jSVztyrPFrSbDA1h5HC6KLIOu4MQhfphp3Q&amp;__tn__=*NK-R\">#DAY3<\/a><a class=\"oajrlxb2 g5ia77u1 qu0x051f esr5mh6w e9989ue4 r7d6kgcz rq0escxv nhd2j8a9 nc684nl6 p7hjln8o kvgmc6g5 cxmmr5t8 oygrvhab hcukyx3x jb3vyjys rz4wbd8a qt6c0cv9 a8nywdso i1ao9s8h esuyzwwr f1sip0of lzcic4wl gpro0wi8 q66pz984 b1v8xokw\" href=\"https:\/\/www.facebook.com\/hashtag\/day3?__eep__=6&amp;__cft__[0]=AZUuqeX7GBtOxmM7HimB6Iq59cYEJx2brekDWSIx8NCF255Hn1Z5YQQWTrfOgeU5baCefP8FhDZrZTQ0rSYjn-oZrTl1jXCFOYxw5XgGU-r_zPaBrndCI85Zd2UETNFaS2obD9y5551jSVztyrPFrSbDA1h5HC6KLIOu4MQhfphp3Q&amp;__tn__=*NK-R\"><img loading=\"lazy\" decoding=\"async\" class=\"aligncenter wp-image-1755 size-vp_md\" src=\"https:\/\/www.izhiq.org.al\/wp-content\/uploads\/2022\/02\/251671811_446867356828975_1645231589585233188_n-800x600.jpg\" alt=\"\" width=\"800\" height=\"600\" srcset=\"https:\/\/www.izhiq.org.al\/wp-content\/uploads\/2022\/02\/251671811_446867356828975_1645231589585233188_n-800x600.jpg 800w, https:\/\/www.izhiq.org.al\/wp-content\/uploads\/2022\/02\/251671811_446867356828975_1645231589585233188_n-300x225.jpg 300w, https:\/\/www.izhiq.org.al\/wp-content\/uploads\/2022\/02\/251671811_446867356828975_1645231589585233188_n-1024x768.jpg 1024w, https:\/\/www.izhiq.org.al\/wp-content\/uploads\/2022\/02\/251671811_446867356828975_1645231589585233188_n-768x576.jpg 768w, https:\/\/www.izhiq.org.al\/wp-content\/uploads\/2022\/02\/251671811_446867356828975_1645231589585233188_n-1536x1152.jpg 1536w, https:\/\/www.izhiq.org.al\/wp-content\/uploads\/2022\/02\/251671811_446867356828975_1645231589585233188_n-16x12.jpg 16w, https:\/\/www.izhiq.org.al\/wp-content\/uploads\/2022\/02\/251671811_446867356828975_1645231589585233188_n-500x375.jpg 500w, https:\/\/www.izhiq.org.al\/wp-content\/uploads\/2022\/02\/251671811_446867356828975_1645231589585233188_n-1280x960.jpg 1280w, https:\/\/www.izhiq.org.al\/wp-content\/uploads\/2022\/02\/251671811_446867356828975_1645231589585233188_n-24x18.jpg 24w, https:\/\/www.izhiq.org.al\/wp-content\/uploads\/2022\/02\/251671811_446867356828975_1645231589585233188_n-36x27.jpg 36w, https:\/\/www.izhiq.org.al\/wp-content\/uploads\/2022\/02\/251671811_446867356828975_1645231589585233188_n-48x36.jpg 48w, https:\/\/www.izhiq.org.al\/wp-content\/uploads\/2022\/02\/251671811_446867356828975_1645231589585233188_n-600x450.jpg 600w, https:\/\/www.izhiq.org.al\/wp-content\/uploads\/2022\/02\/251671811_446867356828975_1645231589585233188_n.jpg 1600w\" sizes=\"auto, (max-width: 800px) 100vw, 800px\" \/><\/a><\/div>\n<\/div>\n<div class=\"cxmmr5t8 oygrvhab hcukyx3x c1et5uql o9v6fnle ii04i59q\">\n<div dir=\"auto\">Today ended the 3-day training in the city of Elbasan with representatives of the Municipality, civil society, journalists and citizens.<\/div>\n<\/div>\n<div class=\"cxmmr5t8 oygrvhab hcukyx3x c1et5uql o9v6fnle ii04i59q\">\n<div dir=\"auto\">Representatives of the municipality stated that they have started the first serious efforts to open a customer office in this Municipality <span class=\"pq6dq46d tbxw36s4 knj5qynh kvgmc6g5 ditlmg2l oygrvhab nvdbi5me sf5mxxl7 gl3lb2sf hhz5lgdu\"><img loading=\"lazy\" decoding=\"async\" src=\"https:\/\/static.xx.fbcdn.net\/images\/emoji.php\/v9\/t6d\/1\/16\/1f973.png\" alt=\"\ud83e\udd73\" width=\"16\" height=\"16\" \/><\/span> This is an important and significant step for the team that is working hard in the implementation of this project <span class=\"pq6dq46d tbxw36s4 knj5qynh kvgmc6g5 ditlmg2l oygrvhab nvdbi5me sf5mxxl7 gl3lb2sf hhz5lgdu\"><img loading=\"lazy\" decoding=\"async\" src=\"https:\/\/static.xx.fbcdn.net\/images\/emoji.php\/v9\/t6c\/1\/16\/1f4aa.png\" alt=\"\ud83d\udcaa\" width=\"16\" height=\"16\" \/><\/span><\/div>\n<\/div>\n<div class=\"cxmmr5t8 oygrvhab hcukyx3x c1et5uql o9v6fnle ii04i59q\">\n<div dir=\"auto\">Training of human resources, is a great contribution to the efforts made by the Municipalities of the country for the opening of the CONSUMER OFFICE<\/div>\n<\/div>\n<div class=\"cxmmr5t8 oygrvhab hcukyx3x c1et5uql o9v6fnle ii04i59q\">\n<div dir=\"auto\">At the end of the third day a &#8220;pos test&#8221; was done and certificates were distributed.<\/div>\n<\/div>\n<div class=\"cxmmr5t8 oygrvhab hcukyx3x c1et5uql o9v6fnle ii04i59q\">\n<div dir=\"auto\">Instituti per Zhvillim dhe Inisiativa Qytetare in partnership with Albanian Socio Economic Think Tank, is implementing the project&#8221; Toward EU: Strengthening CSOs and local government for better consumer protection &#8220;.<\/div>\n<\/div>\n<div class=\"cxmmr5t8 oygrvhab hcukyx3x c1et5uql o9v6fnle ii04i59q\">\n<div dir=\"auto\">This project is financially supported by European Union in Albania through the IPA 2017 program, which is managed by the Ministry of Finance CFCU Albania.<\/div>\n<div dir=\"auto\"><img loading=\"lazy\" decoding=\"async\" class=\"aligncenter wp-image-1756 size-vp_md\" src=\"https:\/\/www.izhiq.org.al\/wp-content\/uploads\/2022\/02\/251847669_446867360162308_8319991316463009086_n-800x600.jpg\" alt=\"\" width=\"800\" height=\"600\" srcset=\"https:\/\/www.izhiq.org.al\/wp-content\/uploads\/2022\/02\/251847669_446867360162308_8319991316463009086_n-800x600.jpg 800w, https:\/\/www.izhiq.org.al\/wp-content\/uploads\/2022\/02\/251847669_446867360162308_8319991316463009086_n-300x225.jpg 300w, https:\/\/www.izhiq.org.al\/wp-content\/uploads\/2022\/02\/251847669_446867360162308_8319991316463009086_n-1024x768.jpg 1024w, https:\/\/www.izhiq.org.al\/wp-content\/uploads\/2022\/02\/251847669_446867360162308_8319991316463009086_n-768x576.jpg 768w, https:\/\/www.izhiq.org.al\/wp-content\/uploads\/2022\/02\/251847669_446867360162308_8319991316463009086_n-1536x1152.jpg 1536w, https:\/\/www.izhiq.org.al\/wp-content\/uploads\/2022\/02\/251847669_446867360162308_8319991316463009086_n-16x12.jpg 16w, https:\/\/www.izhiq.org.al\/wp-content\/uploads\/2022\/02\/251847669_446867360162308_8319991316463009086_n-500x375.jpg 500w, https:\/\/www.izhiq.org.al\/wp-content\/uploads\/2022\/02\/251847669_446867360162308_8319991316463009086_n-1280x960.jpg 1280w, https:\/\/www.izhiq.org.al\/wp-content\/uploads\/2022\/02\/251847669_446867360162308_8319991316463009086_n-24x18.jpg 24w, https:\/\/www.izhiq.org.al\/wp-content\/uploads\/2022\/02\/251847669_446867360162308_8319991316463009086_n-36x27.jpg 36w, https:\/\/www.izhiq.org.al\/wp-content\/uploads\/2022\/02\/251847669_446867360162308_8319991316463009086_n-48x36.jpg 48w, https:\/\/www.izhiq.org.al\/wp-content\/uploads\/2022\/02\/251847669_446867360162308_8319991316463009086_n-600x450.jpg 600w, https:\/\/www.izhiq.org.al\/wp-content\/uploads\/2022\/02\/251847669_446867360162308_8319991316463009086_n.jpg 1600w\" sizes=\"auto, (max-width: 800px) 100vw, 800px\" \/><\/div>\n<\/div>\n","protected":false},"excerpt":{"rendered":"<p># DITA 3 Dit\u00ebn e sotme u p\u00ebrmbyll trajnimi 3 ditor n\u00eb qytetin e Elbasanit me p\u00ebrfaq\u00ebsuesit e Bashkis\u00eb, shoq\u00ebris\u00eb civile, &#8230;<\/p>","protected":false},"author":3,"featured_media":1757,"comment_status":"open","ping_status":"open","sticky":false,"template":"","format":"standard","meta":{"_vp_format_video_url":"","_vp_image_focal_point":[],"footnotes":"","_links_to":"","_links_to_target":""},"categories":[48,56,57,58,59,60,61],"tags":[],"class_list":["post-1754","post","type-post","status-publish","format-standard","hentry","category-aktivitete","category-aktivitete-fuqizimi-gruas","category-aktivitete-mjedisi","category-aktivitete-shendet","category-aktivitete-te-drejtat-e-konsumatorit","category-aktivitete-te-drejtat-e-njeriut","category-aktivitete-te-rinjte"],"yoast_head":"<!-- This site is optimized with the Yoast SEO plugin v27.5 - https:\/\/yoast.com\/product\/yoast-seo-wordpress\/ -->\n<title>Pas trajnimeve: IZHIQ inicion p\u00ebr hapjen e Zyr\u00ebs s\u00eb Konmsumatorit n\u00eb Elbasan - Instituti per Zhvillim dhe Inisiativa Qytetare<\/title>\n<meta name=\"robots\" content=\"index, follow, max-snippet:-1, max-image-preview:large, max-video-preview:-1\" \/>\n<link rel=\"canonical\" href=\"https:\/\/www.izhiq.org.al\/en\/2022\/02\/04\/inspektimet-ne-te-drejten-e-konsumatorit-izhiq-inicion-per-hapjen-e-zyres-se-konmsumatorit-ne-elbasan\/\" \/>\n<meta property=\"og:locale\" content=\"en_US\" \/>\n<meta property=\"og:type\" content=\"article\" \/>\n<meta property=\"og:title\" content=\"Pas trajnimeve: IZHIQ inicion p\u00ebr hapjen e Zyr\u00ebs s\u00eb Konmsumatorit n\u00eb Elbasan - Instituti per Zhvillim dhe Inisiativa Qytetare\" \/>\n<meta property=\"og:description\" content=\"# DITA 3 Dit\u00ebn e sotme u p\u00ebrmbyll trajnimi 3 ditor n\u00eb qytetin e Elbasanit me p\u00ebrfaq\u00ebsuesit e Bashkis\u00eb, shoq\u00ebris\u00eb civile, ...\" \/>\n<meta property=\"og:url\" content=\"https:\/\/www.izhiq.org.al\/en\/2022\/02\/04\/inspektimet-ne-te-drejten-e-konsumatorit-izhiq-inicion-per-hapjen-e-zyres-se-konmsumatorit-ne-elbasan\/\" \/>\n<meta property=\"og:site_name\" content=\"Instituti per Zhvillim dhe Inisiativa Qytetare\" \/>\n<meta property=\"article:published_time\" content=\"2022-02-04T09:28:21+00:00\" \/>\n<meta property=\"article:modified_time\" content=\"2022-05-05T11:34:41+00:00\" \/>\n<meta property=\"og:image\" content=\"https:\/\/www.izhiq.org.al\/wp-content\/uploads\/2022\/02\/251847669_446867360162308_8319991316463009086_n-1.jpg\" \/>\n\t<meta property=\"og:image:width\" content=\"1600\" \/>\n\t<meta property=\"og:image:height\" content=\"1200\" \/>\n\t<meta property=\"og:image:type\" content=\"image\/jpeg\" \/>\n<meta name=\"author\" content=\"Daniela Burnazi\" \/>\n<meta name=\"twitter:card\" content=\"summary_large_image\" \/>\n<meta name=\"twitter:label1\" content=\"Written by\" \/>\n\t<meta name=\"twitter:data1\" content=\"Daniela Burnazi\" \/>\n\t<meta name=\"twitter:label2\" content=\"Est. reading time\" \/>\n\t<meta name=\"twitter:data2\" content=\"3 minutes\" \/>\n<script type=\"application\/ld+json\" class=\"yoast-schema-graph\">{\"@context\":\"https:\\\/\\\/schema.org\",\"@graph\":[{\"@type\":\"Article\",\"@id\":\"https:\\\/\\\/www.izhiq.org.al\\\/2022\\\/02\\\/04\\\/inspektimet-ne-te-drejten-e-konsumatorit-izhiq-inicion-per-hapjen-e-zyres-se-konmsumatorit-ne-elbasan\\\/#article\",\"isPartOf\":{\"@id\":\"https:\\\/\\\/www.izhiq.org.al\\\/2022\\\/02\\\/04\\\/inspektimet-ne-te-drejten-e-konsumatorit-izhiq-inicion-per-hapjen-e-zyres-se-konmsumatorit-ne-elbasan\\\/\"},\"author\":{\"name\":\"Daniela Burnazi\",\"@id\":\"https:\\\/\\\/www.izhiq.org.al\\\/#\\\/schema\\\/person\\\/eb975c9d487030021f1785effadb2228\"},\"headline\":\"Pas trajnimeve: IZHIQ inicion p\u00ebr hapjen e Zyr\u00ebs s\u00eb Konmsumatorit n\u00eb Elbasan\",\"datePublished\":\"2022-02-04T09:28:21+00:00\",\"dateModified\":\"2022-05-05T11:34:41+00:00\",\"mainEntityOfPage\":{\"@id\":\"https:\\\/\\\/www.izhiq.org.al\\\/2022\\\/02\\\/04\\\/inspektimet-ne-te-drejten-e-konsumatorit-izhiq-inicion-per-hapjen-e-zyres-se-konmsumatorit-ne-elbasan\\\/\"},\"wordCount\":356,\"commentCount\":0,\"image\":{\"@id\":\"https:\\\/\\\/www.izhiq.org.al\\\/2022\\\/02\\\/04\\\/inspektimet-ne-te-drejten-e-konsumatorit-izhiq-inicion-per-hapjen-e-zyres-se-konmsumatorit-ne-elbasan\\\/#primaryimage\"},\"thumbnailUrl\":\"https:\\\/\\\/www.izhiq.org.al\\\/wp-content\\\/uploads\\\/2022\\\/02\\\/251847669_446867360162308_8319991316463009086_n-1.jpg\",\"articleSection\":[\"Aktivitete\",\"Aktivitete fuqizimi gruas\",\"Aktivitete mjedisi\",\"Aktivitete shendet\",\"Aktivitete te drejtat e konsumatorit\",\"Aktivitete te drejtat e njeriut\",\"Aktivitete te rinjte\"],\"inLanguage\":\"en-US\",\"potentialAction\":[{\"@type\":\"CommentAction\",\"name\":\"Comment\",\"target\":[\"https:\\\/\\\/www.izhiq.org.al\\\/2022\\\/02\\\/04\\\/inspektimet-ne-te-drejten-e-konsumatorit-izhiq-inicion-per-hapjen-e-zyres-se-konmsumatorit-ne-elbasan\\\/#respond\"]}]},{\"@type\":\"WebPage\",\"@id\":\"https:\\\/\\\/www.izhiq.org.al\\\/2022\\\/02\\\/04\\\/inspektimet-ne-te-drejten-e-konsumatorit-izhiq-inicion-per-hapjen-e-zyres-se-konmsumatorit-ne-elbasan\\\/\",\"url\":\"https:\\\/\\\/www.izhiq.org.al\\\/2022\\\/02\\\/04\\\/inspektimet-ne-te-drejten-e-konsumatorit-izhiq-inicion-per-hapjen-e-zyres-se-konmsumatorit-ne-elbasan\\\/\",\"name\":\"Pas trajnimeve: IZHIQ inicion p\u00ebr hapjen e Zyr\u00ebs s\u00eb Konmsumatorit n\u00eb Elbasan - Instituti per Zhvillim dhe Inisiativa Qytetare\",\"isPartOf\":{\"@id\":\"https:\\\/\\\/www.izhiq.org.al\\\/#website\"},\"primaryImageOfPage\":{\"@id\":\"https:\\\/\\\/www.izhiq.org.al\\\/2022\\\/02\\\/04\\\/inspektimet-ne-te-drejten-e-konsumatorit-izhiq-inicion-per-hapjen-e-zyres-se-konmsumatorit-ne-elbasan\\\/#primaryimage\"},\"image\":{\"@id\":\"https:\\\/\\\/www.izhiq.org.al\\\/2022\\\/02\\\/04\\\/inspektimet-ne-te-drejten-e-konsumatorit-izhiq-inicion-per-hapjen-e-zyres-se-konmsumatorit-ne-elbasan\\\/#primaryimage\"},\"thumbnailUrl\":\"https:\\\/\\\/www.izhiq.org.al\\\/wp-content\\\/uploads\\\/2022\\\/02\\\/251847669_446867360162308_8319991316463009086_n-1.jpg\",\"datePublished\":\"2022-02-04T09:28:21+00:00\",\"dateModified\":\"2022-05-05T11:34:41+00:00\",\"author\":{\"@id\":\"https:\\\/\\\/www.izhiq.org.al\\\/#\\\/schema\\\/person\\\/eb975c9d487030021f1785effadb2228\"},\"breadcrumb\":{\"@id\":\"https:\\\/\\\/www.izhiq.org.al\\\/2022\\\/02\\\/04\\\/inspektimet-ne-te-drejten-e-konsumatorit-izhiq-inicion-per-hapjen-e-zyres-se-konmsumatorit-ne-elbasan\\\/#breadcrumb\"},\"inLanguage\":\"en-US\",\"potentialAction\":[{\"@type\":\"ReadAction\",\"target\":[\"https:\\\/\\\/www.izhiq.org.al\\\/2022\\\/02\\\/04\\\/inspektimet-ne-te-drejten-e-konsumatorit-izhiq-inicion-per-hapjen-e-zyres-se-konmsumatorit-ne-elbasan\\\/\"]}]},{\"@type\":\"ImageObject\",\"inLanguage\":\"en-US\",\"@id\":\"https:\\\/\\\/www.izhiq.org.al\\\/2022\\\/02\\\/04\\\/inspektimet-ne-te-drejten-e-konsumatorit-izhiq-inicion-per-hapjen-e-zyres-se-konmsumatorit-ne-elbasan\\\/#primaryimage\",\"url\":\"https:\\\/\\\/www.izhiq.org.al\\\/wp-content\\\/uploads\\\/2022\\\/02\\\/251847669_446867360162308_8319991316463009086_n-1.jpg\",\"contentUrl\":\"https:\\\/\\\/www.izhiq.org.al\\\/wp-content\\\/uploads\\\/2022\\\/02\\\/251847669_446867360162308_8319991316463009086_n-1.jpg\",\"width\":1600,\"height\":1200},{\"@type\":\"BreadcrumbList\",\"@id\":\"https:\\\/\\\/www.izhiq.org.al\\\/2022\\\/02\\\/04\\\/inspektimet-ne-te-drejten-e-konsumatorit-izhiq-inicion-per-hapjen-e-zyres-se-konmsumatorit-ne-elbasan\\\/#breadcrumb\",\"itemListElement\":[{\"@type\":\"ListItem\",\"position\":1,\"name\":\"Home\",\"item\":\"https:\\\/\\\/www.izhiq.org.al\\\/\"},{\"@type\":\"ListItem\",\"position\":2,\"name\":\"Pas trajnimeve: IZHIQ inicion p\u00ebr hapjen e Zyr\u00ebs s\u00eb Konmsumatorit n\u00eb Elbasan\"}]},{\"@type\":\"WebSite\",\"@id\":\"https:\\\/\\\/www.izhiq.org.al\\\/#website\",\"url\":\"https:\\\/\\\/www.izhiq.org.al\\\/\",\"name\":\"Instituti per Zhvillim dhe Inisiativa Qytetare\",\"description\":\"Instituti per Zhvillim dhe Inisiativa Qytetare\",\"potentialAction\":[{\"@type\":\"SearchAction\",\"target\":{\"@type\":\"EntryPoint\",\"urlTemplate\":\"https:\\\/\\\/www.izhiq.org.al\\\/?s={search_term_string}\"},\"query-input\":{\"@type\":\"PropertyValueSpecification\",\"valueRequired\":true,\"valueName\":\"search_term_string\"}}],\"inLanguage\":\"en-US\"},{\"@type\":\"Person\",\"@id\":\"https:\\\/\\\/www.izhiq.org.al\\\/#\\\/schema\\\/person\\\/eb975c9d487030021f1785effadb2228\",\"name\":\"Daniela Burnazi\",\"image\":{\"@type\":\"ImageObject\",\"inLanguage\":\"en-US\",\"@id\":\"https:\\\/\\\/secure.gravatar.com\\\/avatar\\\/5aa5e701a63f11fd3fd70df1f48f9e23d0db512e36a4b79f45f92af2f58c141b?s=96&d=mm&r=g\",\"url\":\"https:\\\/\\\/secure.gravatar.com\\\/avatar\\\/5aa5e701a63f11fd3fd70df1f48f9e23d0db512e36a4b79f45f92af2f58c141b?s=96&d=mm&r=g\",\"contentUrl\":\"https:\\\/\\\/secure.gravatar.com\\\/avatar\\\/5aa5e701a63f11fd3fd70df1f48f9e23d0db512e36a4b79f45f92af2f58c141b?s=96&d=mm&r=g\",\"caption\":\"Daniela Burnazi\"},\"url\":\"https:\\\/\\\/www.izhiq.org.al\\\/en\\\/author\\\/danielaburnazi\\\/\"}]}<\/script>\n<!-- \/ Yoast SEO plugin. -->","yoast_head_json":{"title":"Pas trajnimeve: IZHIQ inicion p\u00ebr hapjen e Zyr\u00ebs s\u00eb Konmsumatorit n\u00eb Elbasan - Instituti per Zhvillim dhe Inisiativa Qytetare","robots":{"index":"index","follow":"follow","max-snippet":"max-snippet:-1","max-image-preview":"max-image-preview:large","max-video-preview":"max-video-preview:-1"},"canonical":"https:\/\/www.izhiq.org.al\/en\/2022\/02\/04\/inspektimet-ne-te-drejten-e-konsumatorit-izhiq-inicion-per-hapjen-e-zyres-se-konmsumatorit-ne-elbasan\/","og_locale":"en_US","og_type":"article","og_title":"Pas trajnimeve: IZHIQ inicion p\u00ebr hapjen e Zyr\u00ebs s\u00eb Konmsumatorit n\u00eb Elbasan - Instituti per Zhvillim dhe Inisiativa Qytetare","og_description":"# DITA 3 Dit\u00ebn e sotme u p\u00ebrmbyll trajnimi 3 ditor n\u00eb qytetin e Elbasanit me p\u00ebrfaq\u00ebsuesit e Bashkis\u00eb, shoq\u00ebris\u00eb civile, ...","og_url":"https:\/\/www.izhiq.org.al\/en\/2022\/02\/04\/inspektimet-ne-te-drejten-e-konsumatorit-izhiq-inicion-per-hapjen-e-zyres-se-konmsumatorit-ne-elbasan\/","og_site_name":"Instituti per Zhvillim dhe Inisiativa Qytetare","article_published_time":"2022-02-04T09:28:21+00:00","article_modified_time":"2022-05-05T11:34:41+00:00","og_image":[{"width":1600,"height":1200,"url":"https:\/\/www.izhiq.org.al\/wp-content\/uploads\/2022\/02\/251847669_446867360162308_8319991316463009086_n-1.jpg","type":"image\/jpeg"}],"author":"Daniela Burnazi","twitter_card":"summary_large_image","twitter_misc":{"Written by":"Daniela Burnazi","Est. reading time":"3 minutes"},"schema":{"@context":"https:\/\/schema.org","@graph":[{"@type":"Article","@id":"https:\/\/www.izhiq.org.al\/2022\/02\/04\/inspektimet-ne-te-drejten-e-konsumatorit-izhiq-inicion-per-hapjen-e-zyres-se-konmsumatorit-ne-elbasan\/#article","isPartOf":{"@id":"https:\/\/www.izhiq.org.al\/2022\/02\/04\/inspektimet-ne-te-drejten-e-konsumatorit-izhiq-inicion-per-hapjen-e-zyres-se-konmsumatorit-ne-elbasan\/"},"author":{"name":"Daniela Burnazi","@id":"https:\/\/www.izhiq.org.al\/#\/schema\/person\/eb975c9d487030021f1785effadb2228"},"headline":"Pas trajnimeve: IZHIQ inicion p\u00ebr hapjen e Zyr\u00ebs s\u00eb Konmsumatorit n\u00eb Elbasan","datePublished":"2022-02-04T09:28:21+00:00","dateModified":"2022-05-05T11:34:41+00:00","mainEntityOfPage":{"@id":"https:\/\/www.izhiq.org.al\/2022\/02\/04\/inspektimet-ne-te-drejten-e-konsumatorit-izhiq-inicion-per-hapjen-e-zyres-se-konmsumatorit-ne-elbasan\/"},"wordCount":356,"commentCount":0,"image":{"@id":"https:\/\/www.izhiq.org.al\/2022\/02\/04\/inspektimet-ne-te-drejten-e-konsumatorit-izhiq-inicion-per-hapjen-e-zyres-se-konmsumatorit-ne-elbasan\/#primaryimage"},"thumbnailUrl":"https:\/\/www.izhiq.org.al\/wp-content\/uploads\/2022\/02\/251847669_446867360162308_8319991316463009086_n-1.jpg","articleSection":["Aktivitete","Aktivitete fuqizimi gruas","Aktivitete mjedisi","Aktivitete shendet","Aktivitete te drejtat e konsumatorit","Aktivitete te drejtat e njeriut","Aktivitete te rinjte"],"inLanguage":"en-US","potentialAction":[{"@type":"CommentAction","name":"Comment","target":["https:\/\/www.izhiq.org.al\/2022\/02\/04\/inspektimet-ne-te-drejten-e-konsumatorit-izhiq-inicion-per-hapjen-e-zyres-se-konmsumatorit-ne-elbasan\/#respond"]}]},{"@type":"WebPage","@id":"https:\/\/www.izhiq.org.al\/2022\/02\/04\/inspektimet-ne-te-drejten-e-konsumatorit-izhiq-inicion-per-hapjen-e-zyres-se-konmsumatorit-ne-elbasan\/","url":"https:\/\/www.izhiq.org.al\/2022\/02\/04\/inspektimet-ne-te-drejten-e-konsumatorit-izhiq-inicion-per-hapjen-e-zyres-se-konmsumatorit-ne-elbasan\/","name":"Pas trajnimeve: IZHIQ inicion p\u00ebr hapjen e Zyr\u00ebs s\u00eb Konmsumatorit n\u00eb Elbasan - Instituti per Zhvillim dhe Inisiativa Qytetare","isPartOf":{"@id":"https:\/\/www.izhiq.org.al\/#website"},"primaryImageOfPage":{"@id":"https:\/\/www.izhiq.org.al\/2022\/02\/04\/inspektimet-ne-te-drejten-e-konsumatorit-izhiq-inicion-per-hapjen-e-zyres-se-konmsumatorit-ne-elbasan\/#primaryimage"},"image":{"@id":"https:\/\/www.izhiq.org.al\/2022\/02\/04\/inspektimet-ne-te-drejten-e-konsumatorit-izhiq-inicion-per-hapjen-e-zyres-se-konmsumatorit-ne-elbasan\/#primaryimage"},"thumbnailUrl":"https:\/\/www.izhiq.org.al\/wp-content\/uploads\/2022\/02\/251847669_446867360162308_8319991316463009086_n-1.jpg","datePublished":"2022-02-04T09:28:21+00:00","dateModified":"2022-05-05T11:34:41+00:00","author":{"@id":"https:\/\/www.izhiq.org.al\/#\/schema\/person\/eb975c9d487030021f1785effadb2228"},"breadcrumb":{"@id":"https:\/\/www.izhiq.org.al\/2022\/02\/04\/inspektimet-ne-te-drejten-e-konsumatorit-izhiq-inicion-per-hapjen-e-zyres-se-konmsumatorit-ne-elbasan\/#breadcrumb"},"inLanguage":"en-US","potentialAction":[{"@type":"ReadAction","target":["https:\/\/www.izhiq.org.al\/2022\/02\/04\/inspektimet-ne-te-drejten-e-konsumatorit-izhiq-inicion-per-hapjen-e-zyres-se-konmsumatorit-ne-elbasan\/"]}]},{"@type":"ImageObject","inLanguage":"en-US","@id":"https:\/\/www.izhiq.org.al\/2022\/02\/04\/inspektimet-ne-te-drejten-e-konsumatorit-izhiq-inicion-per-hapjen-e-zyres-se-konmsumatorit-ne-elbasan\/#primaryimage","url":"https:\/\/www.izhiq.org.al\/wp-content\/uploads\/2022\/02\/251847669_446867360162308_8319991316463009086_n-1.jpg","contentUrl":"https:\/\/www.izhiq.org.al\/wp-content\/uploads\/2022\/02\/251847669_446867360162308_8319991316463009086_n-1.jpg","width":1600,"height":1200},{"@type":"BreadcrumbList","@id":"https:\/\/www.izhiq.org.al\/2022\/02\/04\/inspektimet-ne-te-drejten-e-konsumatorit-izhiq-inicion-per-hapjen-e-zyres-se-konmsumatorit-ne-elbasan\/#breadcrumb","itemListElement":[{"@type":"ListItem","position":1,"name":"Home","item":"https:\/\/www.izhiq.org.al\/"},{"@type":"ListItem","position":2,"name":"Pas trajnimeve: IZHIQ inicion p\u00ebr hapjen e Zyr\u00ebs s\u00eb Konmsumatorit n\u00eb Elbasan"}]},{"@type":"WebSite","@id":"https:\/\/www.izhiq.org.al\/#website","url":"https:\/\/www.izhiq.org.al\/","name":"Instituti per Zhvillim dhe Inisiativa Qytetare","description":"Instituti per Zhvillim dhe Inisiativa Qytetare","potentialAction":[{"@type":"SearchAction","target":{"@type":"EntryPoint","urlTemplate":"https:\/\/www.izhiq.org.al\/?s={search_term_string}"},"query-input":{"@type":"PropertyValueSpecification","valueRequired":true,"valueName":"search_term_string"}}],"inLanguage":"en-US"},{"@type":"Person","@id":"https:\/\/www.izhiq.org.al\/#\/schema\/person\/eb975c9d487030021f1785effadb2228","name":"Daniela Burnazi","image":{"@type":"ImageObject","inLanguage":"en-US","@id":"https:\/\/secure.gravatar.com\/avatar\/5aa5e701a63f11fd3fd70df1f48f9e23d0db512e36a4b79f45f92af2f58c141b?s=96&d=mm&r=g","url":"https:\/\/secure.gravatar.com\/avatar\/5aa5e701a63f11fd3fd70df1f48f9e23d0db512e36a4b79f45f92af2f58c141b?s=96&d=mm&r=g","contentUrl":"https:\/\/secure.gravatar.com\/avatar\/5aa5e701a63f11fd3fd70df1f48f9e23d0db512e36a4b79f45f92af2f58c141b?s=96&d=mm&r=g","caption":"Daniela Burnazi"},"url":"https:\/\/www.izhiq.org.al\/en\/author\/danielaburnazi\/"}]}},"rttpg_featured_image_url":{"full":["https:\/\/www.izhiq.org.al\/wp-content\/uploads\/2022\/02\/251847669_446867360162308_8319991316463009086_n-1.jpg",1600,1200,false],"landscape":["https:\/\/www.izhiq.org.al\/wp-content\/uploads\/2022\/02\/251847669_446867360162308_8319991316463009086_n-1.jpg",1600,1200,false],"portraits":["https:\/\/www.izhiq.org.al\/wp-content\/uploads\/2022\/02\/251847669_446867360162308_8319991316463009086_n-1.jpg",1600,1200,false],"thumbnail":["https:\/\/www.izhiq.org.al\/wp-content\/uploads\/2022\/02\/251847669_446867360162308_8319991316463009086_n-1-150x150.jpg",150,150,true],"medium":["https:\/\/www.izhiq.org.al\/wp-content\/uploads\/2022\/02\/251847669_446867360162308_8319991316463009086_n-1-300x225.jpg",300,225,true],"large":["https:\/\/www.izhiq.org.al\/wp-content\/uploads\/2022\/02\/251847669_446867360162308_8319991316463009086_n-1-1024x768.jpg",800,600,true],"1536x1536":["https:\/\/www.izhiq.org.al\/wp-content\/uploads\/2022\/02\/251847669_446867360162308_8319991316463009086_n-1-1536x1152.jpg",1536,1152,true],"2048x2048":["https:\/\/www.izhiq.org.al\/wp-content\/uploads\/2022\/02\/251847669_446867360162308_8319991316463009086_n-1.jpg",1600,1200,false],"trp-custom-language-flag":["https:\/\/www.izhiq.org.al\/wp-content\/uploads\/2022\/02\/251847669_446867360162308_8319991316463009086_n-1-16x12.jpg",16,12,true],"vp_sm":["https:\/\/www.izhiq.org.al\/wp-content\/uploads\/2022\/02\/251847669_446867360162308_8319991316463009086_n-1-500x375.jpg",500,375,true],"vp_md":["https:\/\/www.izhiq.org.al\/wp-content\/uploads\/2022\/02\/251847669_446867360162308_8319991316463009086_n-1-800x600.jpg",800,600,true],"vp_lg":["https:\/\/www.izhiq.org.al\/wp-content\/uploads\/2022\/02\/251847669_446867360162308_8319991316463009086_n-1-1280x960.jpg",1280,960,true],"vp_xl":["https:\/\/www.izhiq.org.al\/wp-content\/uploads\/2022\/02\/251847669_446867360162308_8319991316463009086_n-1.jpg",1600,1200,false],"vp_sm_popup":["https:\/\/www.izhiq.org.al\/wp-content\/uploads\/2022\/02\/251847669_446867360162308_8319991316463009086_n-1-500x375.jpg",500,375,true],"vp_md_popup":["https:\/\/www.izhiq.org.al\/wp-content\/uploads\/2022\/02\/251847669_446867360162308_8319991316463009086_n-1-800x600.jpg",800,600,true],"vp_xl_popup":["https:\/\/www.izhiq.org.al\/wp-content\/uploads\/2022\/02\/251847669_446867360162308_8319991316463009086_n-1.jpg",1600,1200,false],"charitypro_small-thumb":["https:\/\/www.izhiq.org.al\/wp-content\/uploads\/2022\/02\/251847669_446867360162308_8319991316463009086_n-1-400x200.jpg",400,200,true],"charitypro_medium-thumb":["https:\/\/www.izhiq.org.al\/wp-content\/uploads\/2022\/02\/251847669_446867360162308_8319991316463009086_n-1-600x300.jpg",600,300,true],"charitypro_blog-large":["https:\/\/www.izhiq.org.al\/wp-content\/uploads\/2022\/02\/251847669_446867360162308_8319991316463009086_n-1-800x400.jpg",800,400,true],"charitypro_croped-thumb":["https:\/\/www.izhiq.org.al\/wp-content\/uploads\/2022\/02\/251847669_446867360162308_8319991316463009086_n-1-500x306.jpg",500,306,true],"rt_custom":["https:\/\/www.izhiq.org.al\/wp-content\/uploads\/2022\/02\/251847669_446867360162308_8319991316463009086_n-1.jpg",1600,1200,false]},"rttpg_author":{"display_name":"Daniela Burnazi","author_link":"https:\/\/www.izhiq.org.al\/en\/author\/danielaburnazi\/"},"rttpg_comment":0,"rttpg_category":"<a href=\"https:\/\/www.izhiq.org.al\/en\/category\/aktivitete\/\" rel=\"category tag\">Aktivitete<\/a> <a href=\"https:\/\/www.izhiq.org.al\/en\/category\/aktivitete-fuqizimi-gruas\/\" rel=\"category tag\">Aktivitete fuqizimi gruas<\/a> <a href=\"https:\/\/www.izhiq.org.al\/en\/category\/aktivitete-mjedisi\/\" rel=\"category tag\">Aktivitete mjedisi<\/a> <a href=\"https:\/\/www.izhiq.org.al\/en\/category\/aktivitete-shendet\/\" rel=\"category tag\">Aktivitete shendet<\/a> <a href=\"https:\/\/www.izhiq.org.al\/en\/category\/aktivitete-te-drejtat-e-konsumatorit\/\" rel=\"category tag\">Aktivitete te drejtat e konsumatorit<\/a> <a href=\"https:\/\/www.izhiq.org.al\/en\/category\/aktivitete-te-drejtat-e-njeriut\/\" rel=\"category tag\">Aktivitete te drejtat e njeriut<\/a> <a href=\"https:\/\/www.izhiq.org.al\/en\/category\/aktivitete-te-rinjte\/\" rel=\"category tag\">Aktivitete te rinjte<\/a>","rttpg_excerpt":"# DITA 3 Dit\u00ebn e sotme u p\u00ebrmbyll trajnimi 3 ditor n\u00eb qytetin e Elbasanit me p\u00ebrfaq\u00ebsuesit e Bashkis\u00eb, shoq\u00ebris\u00eb civile, ...","_links":{"self":[{"href":"https:\/\/www.izhiq.org.al\/en\/wp-json\/wp\/v2\/posts\/1754","targetHints":{"allow":["GET"]}}],"collection":[{"href":"https:\/\/www.izhiq.org.al\/en\/wp-json\/wp\/v2\/posts"}],"about":[{"href":"https:\/\/www.izhiq.org.al\/en\/wp-json\/wp\/v2\/types\/post"}],"author":[{"embeddable":true,"href":"https:\/\/www.izhiq.org.al\/en\/wp-json\/wp\/v2\/users\/3"}],"replies":[{"embeddable":true,"href":"https:\/\/www.izhiq.org.al\/en\/wp-json\/wp\/v2\/comments?post=1754"}],"version-history":[{"count":3,"href":"https:\/\/www.izhiq.org.al\/en\/wp-json\/wp\/v2\/posts\/1754\/revisions"}],"predecessor-version":[{"id":2125,"href":"https:\/\/www.izhiq.org.al\/en\/wp-json\/wp\/v2\/posts\/1754\/revisions\/2125"}],"wp:featuredmedia":[{"embeddable":true,"href":"https:\/\/www.izhiq.org.al\/en\/wp-json\/wp\/v2\/media\/1757"}],"wp:attachment":[{"href":"https:\/\/www.izhiq.org.al\/en\/wp-json\/wp\/v2\/media?parent=1754"}],"wp:term":[{"taxonomy":"category","embeddable":true,"href":"https:\/\/www.izhiq.org.al\/en\/wp-json\/wp\/v2\/categories?post=1754"},{"taxonomy":"post_tag","embeddable":true,"href":"https:\/\/www.izhiq.org.al\/en\/wp-json\/wp\/v2\/tags?post=1754"}],"curies":[{"name":"wp","href":"https:\/\/api.w.org\/{rel}","templated":true}]}}