{"id":2218,"date":"2022-06-08T08:53:42","date_gmt":"2022-06-08T08:53:42","guid":{"rendered":"https:\/\/www.izhiq.org.al\/?p=2218"},"modified":"2022-06-22T09:58:19","modified_gmt":"2022-06-22T09:58:19","slug":"parimi-i-mosdiskriminimit-debat-i-hapur-nga-te-rinjte-e-gjimnazit-partizani","status":"publish","type":"post","link":"https:\/\/www.izhiq.org.al\/en\/2022\/06\/08\/parimi-i-mosdiskriminimit-debat-i-hapur-nga-te-rinjte-e-gjimnazit-partizani\/","title":{"rendered":"Parimi i Mosdiskriminimit: Debat i hapur nga t\u00eb rinjt\u00eb e gjimnazit Partizani"},"content":{"rendered":"<div class=\"kvgmc6g5 cxmmr5t8 oygrvhab hcukyx3x c1et5uql ii04i59q\">\n<div dir=\"auto\">N\u00eb kuad\u00ebr t\u00eb projektit \u201cT\u00eb ndrysh\u00ebm, por t\u00eb barabart\u00eb\u201d , 15 t\u00eb rinj t\u00eb <a class=\"oajrlxb2 g5ia77u1 qu0x051f esr5mh6w e9989ue4 r7d6kgcz rq0escxv nhd2j8a9 nc684nl6 p7hjln8o kvgmc6g5 cxmmr5t8 oygrvhab hcukyx3x jb3vyjys rz4wbd8a qt6c0cv9 a8nywdso i1ao9s8h esuyzwwr f1sip0of lzcic4wl gpro0wi8 q66pz984 b1v8xokw\" role=\"link\" href=\"https:\/\/www.facebook.com\/PartizaniOfficial\/?__cft__[0]=AZXoCnqtRp3RImfxzfegSHJpTszc1-DDXtc9kkljNIECB9Ov1zdwckTllTlQrBq66vqHKUjh_lmwQWE7BN_dJJcmCD8iAS_Ao_raCLrdBA75OHC81a9rhW5ZlY8tfjB4-7rowd52uVCKSxi4HpN9rD5dsgEjEa1O1TP0_FeCS6lKbBEIIy0EvYmNx_3sR8GO_CWMCl84pAFPkxJapXRtZDsc&amp;__tn__=kK-R\"><span class=\"nc684nl6\">Gjimnazi &#8220;Partizani&#8221;<\/span><\/a> diskutuan mbi \u00e7\u00ebshtje t\u00eb tilla si:<\/div>\n<\/div>\n<div class=\"cxmmr5t8 oygrvhab hcukyx3x c1et5uql o9v6fnle ii04i59q\">\n<div dir=\"auto\"><span class=\"pq6dq46d tbxw36s4 knj5qynh kvgmc6g5 ditlmg2l oygrvhab nvdbi5me sf5mxxl7 gl3lb2sf hhz5lgdu\"><img loading=\"lazy\" decoding=\"async\" src=\"https:\/\/static.xx.fbcdn.net\/images\/emoji.php\/v9\/tdd\/1\/16\/274c.png\" alt=\"\u274c\" width=\"16\" height=\"16\" \/><\/span> Mos diskriminimi p\u00ebr shkak t\u00eb prejardhjes etnike<\/div>\n<div dir=\"auto\"><span class=\"pq6dq46d tbxw36s4 knj5qynh kvgmc6g5 ditlmg2l oygrvhab nvdbi5me sf5mxxl7 gl3lb2sf hhz5lgdu\"><img loading=\"lazy\" decoding=\"async\" src=\"https:\/\/static.xx.fbcdn.net\/images\/emoji.php\/v9\/tdd\/1\/16\/274c.png\" alt=\"\u274c\" width=\"16\" height=\"16\" \/><\/span> Mos diskriminimi p\u00ebr shkak t\u00eb gjinis\u00eb<\/div>\n<div dir=\"auto\"><span class=\"pq6dq46d tbxw36s4 knj5qynh kvgmc6g5 ditlmg2l oygrvhab nvdbi5me sf5mxxl7 gl3lb2sf hhz5lgdu\"><img loading=\"lazy\" decoding=\"async\" src=\"https:\/\/static.xx.fbcdn.net\/images\/emoji.php\/v9\/tdd\/1\/16\/274c.png\" alt=\"\u274c\" width=\"16\" height=\"16\" \/><\/span><span class=\"pq6dq46d tbxw36s4 knj5qynh kvgmc6g5 ditlmg2l oygrvhab nvdbi5me sf5mxxl7 gl3lb2sf hhz5lgdu\"><img loading=\"lazy\" decoding=\"async\" src=\"https:\/\/static.xx.fbcdn.net\/images\/emoji.php\/v9\/t8c\/1\/16\/1f4bb.png\" alt=\"\ud83d\udcbb\" width=\"16\" height=\"16\" \/><\/span>Mos diskriminimi n\u00eb shkoll\u00eb, bullzimin kibernetik etj.<\/div>\n<\/div>\n<div class=\"cxmmr5t8 oygrvhab hcukyx3x c1et5uql o9v6fnle ii04i59q\">\n<div dir=\"auto\"><img loading=\"lazy\" decoding=\"async\" class=\"size-vp_sm wp-image-2223 aligncenter\" src=\"https:\/\/www.izhiq.org.al\/wp-content\/uploads\/2022\/06\/8eee0ddb-8a66-493c-8886-25f047d4103e-500x407.jpg\" alt=\"\" width=\"500\" height=\"407\" srcset=\"https:\/\/www.izhiq.org.al\/wp-content\/uploads\/2022\/06\/8eee0ddb-8a66-493c-8886-25f047d4103e-500x407.jpg 500w, https:\/\/www.izhiq.org.al\/wp-content\/uploads\/2022\/06\/8eee0ddb-8a66-493c-8886-25f047d4103e-300x244.jpg 300w, https:\/\/www.izhiq.org.al\/wp-content\/uploads\/2022\/06\/8eee0ddb-8a66-493c-8886-25f047d4103e-1024x833.jpg 1024w, https:\/\/www.izhiq.org.al\/wp-content\/uploads\/2022\/06\/8eee0ddb-8a66-493c-8886-25f047d4103e-768x625.jpg 768w, https:\/\/www.izhiq.org.al\/wp-content\/uploads\/2022\/06\/8eee0ddb-8a66-493c-8886-25f047d4103e-15x12.jpg 15w, https:\/\/www.izhiq.org.al\/wp-content\/uploads\/2022\/06\/8eee0ddb-8a66-493c-8886-25f047d4103e-800x651.jpg 800w, https:\/\/www.izhiq.org.al\/wp-content\/uploads\/2022\/06\/8eee0ddb-8a66-493c-8886-25f047d4103e-1280x1042.jpg 1280w, https:\/\/www.izhiq.org.al\/wp-content\/uploads\/2022\/06\/8eee0ddb-8a66-493c-8886-25f047d4103e-24x20.jpg 24w, https:\/\/www.izhiq.org.al\/wp-content\/uploads\/2022\/06\/8eee0ddb-8a66-493c-8886-25f047d4103e-36x29.jpg 36w, https:\/\/www.izhiq.org.al\/wp-content\/uploads\/2022\/06\/8eee0ddb-8a66-493c-8886-25f047d4103e-48x39.jpg 48w, https:\/\/www.izhiq.org.al\/wp-content\/uploads\/2022\/06\/8eee0ddb-8a66-493c-8886-25f047d4103e-600x488.jpg 600w, https:\/\/www.izhiq.org.al\/wp-content\/uploads\/2022\/06\/8eee0ddb-8a66-493c-8886-25f047d4103e.jpg 1284w\" sizes=\"auto, (max-width: 500px) 100vw, 500px\" \/>N\u00eb k\u00ebt\u00eb debat iu dha r\u00ebnd\u00ebsi e ve\u00e7ant\u00eb pranimit t\u00eb diversitetit kulutor, nxitjes s\u00eb debatit t\u00eb hapur dhe bashk\u00ebveprimit midis t\u00eb rinjve drejt nj\u00eb kornize t\u00eb p\u00ebrbashk\u00ebt komunikimi, respekti t\u00eb nd\u00ebrsjellt\u00eb, toleranc\u00ebs, paqes dhe prosperitetit.<\/div>\n<\/div>\n<div class=\"cxmmr5t8 oygrvhab hcukyx3x c1et5uql o9v6fnle ii04i59q\">\n<div dir=\"auto\">Diskutimi u b\u00eb n\u00eb form\u00ebn e debatit t\u00eb hapur dhe t\u00eb rinjt\u00eb shpreh\u00ebn mendimet e tyre pa barriera p\u00ebr k\u00ebto tema. \u201cKy aktivitet u organizua n\u00eb kuad\u00ebr t\u00eb programit Tirana kryeqyteti Evropian i Rinis\u00eb 2022 me mb\u00ebshtetjen financiare t\u00eb <a class=\"oajrlxb2 g5ia77u1 qu0x051f esr5mh6w e9989ue4 r7d6kgcz rq0escxv nhd2j8a9 nc684nl6 p7hjln8o kvgmc6g5 cxmmr5t8 oygrvhab hcukyx3x jb3vyjys rz4wbd8a qt6c0cv9 a8nywdso i1ao9s8h esuyzwwr f1sip0of lzcic4wl gpro0wi8 q66pz984 b1v8xokw\" role=\"link\" href=\"https:\/\/www.facebook.com\/kongresirinor\/?__cft__[0]=AZXoCnqtRp3RImfxzfegSHJpTszc1-DDXtc9kkljNIECB9Ov1zdwckTllTlQrBq66vqHKUjh_lmwQWE7BN_dJJcmCD8iAS_Ao_raCLrdBA75OHC81a9rhW5ZlY8tfjB4-7rowd52uVCKSxi4HpN9rD5dsgEjEa1O1TP0_FeCS6lKbBEIIy0EvYmNx_3sR8GO_CWMCl84pAFPkxJapXRtZDsc&amp;__tn__=kK-R\"><span class=\"nc684nl6\">Kongresi Rinor Komb\u00ebtar<\/span><\/a> n\u00eb bashk\u00ebpunim me <a class=\"oajrlxb2 g5ia77u1 qu0x051f esr5mh6w e9989ue4 r7d6kgcz rq0escxv nhd2j8a9 nc684nl6 p7hjln8o kvgmc6g5 cxmmr5t8 oygrvhab hcukyx3x jb3vyjys rz4wbd8a qt6c0cv9 a8nywdso i1ao9s8h esuyzwwr f1sip0of lzcic4wl gpro0wi8 q66pz984 b1v8xokw\" role=\"link\" href=\"https:\/\/www.facebook.com\/bashkia.tirane.al\/?__cft__[0]=AZXoCnqtRp3RImfxzfegSHJpTszc1-DDXtc9kkljNIECB9Ov1zdwckTllTlQrBq66vqHKUjh_lmwQWE7BN_dJJcmCD8iAS_Ao_raCLrdBA75OHC81a9rhW5ZlY8tfjB4-7rowd52uVCKSxi4HpN9rD5dsgEjEa1O1TP0_FeCS6lKbBEIIy0EvYmNx_3sR8GO_CWMCl84pAFPkxJapXRtZDsc&amp;__tn__=kK-R\"><span class=\"nc684nl6\">Bashkia Tiran\u00eb<\/span><\/a>.\u201d<\/div>\n<\/div>\n<div class=\"cxmmr5t8 oygrvhab hcukyx3x c1et5uql o9v6fnle ii04i59q\">\n<div dir=\"auto\"><a class=\"oajrlxb2 g5ia77u1 qu0x051f esr5mh6w e9989ue4 r7d6kgcz rq0escxv nhd2j8a9 nc684nl6 p7hjln8o kvgmc6g5 cxmmr5t8 oygrvhab hcukyx3x jb3vyjys rz4wbd8a qt6c0cv9 a8nywdso i1ao9s8h esuyzwwr f1sip0of lzcic4wl gpro0wi8 q66pz984 b1v8xokw\" role=\"link\" href=\"https:\/\/www.facebook.com\/hashtag\/tirana?__eep__=6&amp;__cft__[0]=AZXoCnqtRp3RImfxzfegSHJpTszc1-DDXtc9kkljNIECB9Ov1zdwckTllTlQrBq66vqHKUjh_lmwQWE7BN_dJJcmCD8iAS_Ao_raCLrdBA75OHC81a9rhW5ZlY8tfjB4-7rowd52uVCKSxi4HpN9rD5dsgEjEa1O1TP0_FeCS6lKbBEIIy0EvYmNx_3sR8GO_CWMCl84pAFPkxJapXRtZDsc&amp;__tn__=*NK-R\"><img loading=\"lazy\" decoding=\"async\" class=\"size-vp_sm wp-image-2225 aligncenter\" src=\"https:\/\/www.izhiq.org.al\/wp-content\/uploads\/2022\/06\/ab4212b9-c491-418a-85da-864e131bdf23-500x375.jpg\" alt=\"\" width=\"500\" height=\"375\" srcset=\"https:\/\/www.izhiq.org.al\/wp-content\/uploads\/2022\/06\/ab4212b9-c491-418a-85da-864e131bdf23-500x375.jpg 500w, https:\/\/www.izhiq.org.al\/wp-content\/uploads\/2022\/06\/ab4212b9-c491-418a-85da-864e131bdf23-300x225.jpg 300w, https:\/\/www.izhiq.org.al\/wp-content\/uploads\/2022\/06\/ab4212b9-c491-418a-85da-864e131bdf23-1024x768.jpg 1024w, https:\/\/www.izhiq.org.al\/wp-content\/uploads\/2022\/06\/ab4212b9-c491-418a-85da-864e131bdf23-768x576.jpg 768w, https:\/\/www.izhiq.org.al\/wp-content\/uploads\/2022\/06\/ab4212b9-c491-418a-85da-864e131bdf23-1536x1152.jpg 1536w, https:\/\/www.izhiq.org.al\/wp-content\/uploads\/2022\/06\/ab4212b9-c491-418a-85da-864e131bdf23-16x12.jpg 16w, https:\/\/www.izhiq.org.al\/wp-content\/uploads\/2022\/06\/ab4212b9-c491-418a-85da-864e131bdf23-800x600.jpg 800w, https:\/\/www.izhiq.org.al\/wp-content\/uploads\/2022\/06\/ab4212b9-c491-418a-85da-864e131bdf23-1280x960.jpg 1280w, https:\/\/www.izhiq.org.al\/wp-content\/uploads\/2022\/06\/ab4212b9-c491-418a-85da-864e131bdf23-24x18.jpg 24w, https:\/\/www.izhiq.org.al\/wp-content\/uploads\/2022\/06\/ab4212b9-c491-418a-85da-864e131bdf23-36x27.jpg 36w, https:\/\/www.izhiq.org.al\/wp-content\/uploads\/2022\/06\/ab4212b9-c491-418a-85da-864e131bdf23-48x36.jpg 48w, https:\/\/www.izhiq.org.al\/wp-content\/uploads\/2022\/06\/ab4212b9-c491-418a-85da-864e131bdf23-600x450.jpg 600w, https:\/\/www.izhiq.org.al\/wp-content\/uploads\/2022\/06\/ab4212b9-c491-418a-85da-864e131bdf23.jpg 1600w\" sizes=\"auto, (max-width: 500px) 100vw, 500px\" \/>#tirana<\/a> <a class=\"oajrlxb2 g5ia77u1 qu0x051f esr5mh6w e9989ue4 r7d6kgcz rq0escxv nhd2j8a9 nc684nl6 p7hjln8o kvgmc6g5 cxmmr5t8 oygrvhab hcukyx3x jb3vyjys rz4wbd8a qt6c0cv9 a8nywdso i1ao9s8h esuyzwwr f1sip0of lzcic4wl gpro0wi8 q66pz984 b1v8xokw\" role=\"link\" href=\"https:\/\/www.facebook.com\/hashtag\/youth?__eep__=6&amp;__cft__[0]=AZXoCnqtRp3RImfxzfegSHJpTszc1-DDXtc9kkljNIECB9Ov1zdwckTllTlQrBq66vqHKUjh_lmwQWE7BN_dJJcmCD8iAS_Ao_raCLrdBA75OHC81a9rhW5ZlY8tfjB4-7rowd52uVCKSxi4HpN9rD5dsgEjEa1O1TP0_FeCS6lKbBEIIy0EvYmNx_3sR8GO_CWMCl84pAFPkxJapXRtZDsc&amp;__tn__=*NK-R\">#youth<\/a> <a class=\"oajrlxb2 g5ia77u1 qu0x051f esr5mh6w e9989ue4 r7d6kgcz rq0escxv nhd2j8a9 nc684nl6 p7hjln8o kvgmc6g5 cxmmr5t8 oygrvhab hcukyx3x jb3vyjys rz4wbd8a qt6c0cv9 a8nywdso i1ao9s8h esuyzwwr f1sip0of lzcic4wl gpro0wi8 q66pz984 b1v8xokw\" role=\"link\" href=\"https:\/\/www.facebook.com\/hashtag\/europeanyouthcapital2022?__eep__=6&amp;__cft__[0]=AZXoCnqtRp3RImfxzfegSHJpTszc1-DDXtc9kkljNIECB9Ov1zdwckTllTlQrBq66vqHKUjh_lmwQWE7BN_dJJcmCD8iAS_Ao_raCLrdBA75OHC81a9rhW5ZlY8tfjB4-7rowd52uVCKSxi4HpN9rD5dsgEjEa1O1TP0_FeCS6lKbBEIIy0EvYmNx_3sR8GO_CWMCl84pAFPkxJapXRtZDsc&amp;__tn__=*NK-R\">#EuropeanYouthCapital2022<\/a> <a class=\"oajrlxb2 g5ia77u1 qu0x051f esr5mh6w e9989ue4 r7d6kgcz rq0escxv nhd2j8a9 nc684nl6 p7hjln8o kvgmc6g5 cxmmr5t8 oygrvhab hcukyx3x jb3vyjys rz4wbd8a qt6c0cv9 a8nywdso i1ao9s8h esuyzwwr f1sip0of lzcic4wl gpro0wi8 q66pz984 b1v8xokw\" role=\"link\" href=\"https:\/\/www.facebook.com\/hashtag\/eyc2022?__eep__=6&amp;__cft__[0]=AZXoCnqtRp3RImfxzfegSHJpTszc1-DDXtc9kkljNIECB9Ov1zdwckTllTlQrBq66vqHKUjh_lmwQWE7BN_dJJcmCD8iAS_Ao_raCLrdBA75OHC81a9rhW5ZlY8tfjB4-7rowd52uVCKSxi4HpN9rD5dsgEjEa1O1TP0_FeCS6lKbBEIIy0EvYmNx_3sR8GO_CWMCl84pAFPkxJapXRtZDsc&amp;__tn__=*NK-R\">#EYC2022<\/a> <a class=\"oajrlxb2 g5ia77u1 qu0x051f esr5mh6w e9989ue4 r7d6kgcz rq0escxv nhd2j8a9 nc684nl6 p7hjln8o kvgmc6g5 cxmmr5t8 oygrvhab hcukyx3x jb3vyjys rz4wbd8a qt6c0cv9 a8nywdso i1ao9s8h esuyzwwr f1sip0of lzcic4wl gpro0wi8 q66pz984 b1v8xokw\" role=\"link\" href=\"https:\/\/www.facebook.com\/hashtag\/activateyouth?__eep__=6&amp;__cft__[0]=AZXoCnqtRp3RImfxzfegSHJpTszc1-DDXtc9kkljNIECB9Ov1zdwckTllTlQrBq66vqHKUjh_lmwQWE7BN_dJJcmCD8iAS_Ao_raCLrdBA75OHC81a9rhW5ZlY8tfjB4-7rowd52uVCKSxi4HpN9rD5dsgEjEa1O1TP0_FeCS6lKbBEIIy0EvYmNx_3sR8GO_CWMCl84pAFPkxJapXRtZDsc&amp;__tn__=*NK-R\">#ActivateYouth<\/a> <a class=\"oajrlxb2 g5ia77u1 qu0x051f esr5mh6w e9989ue4 r7d6kgcz rq0escxv nhd2j8a9 nc684nl6 p7hjln8o kvgmc6g5 cxmmr5t8 oygrvhab hcukyx3x jb3vyjys rz4wbd8a qt6c0cv9 a8nywdso i1ao9s8h esuyzwwr f1sip0of lzcic4wl gpro0wi8 q66pz984 b1v8xokw\" role=\"link\" href=\"https:\/\/www.facebook.com\/hashtag\/europeanyearofyouth?__eep__=6&amp;__cft__[0]=AZXoCnqtRp3RImfxzfegSHJpTszc1-DDXtc9kkljNIECB9Ov1zdwckTllTlQrBq66vqHKUjh_lmwQWE7BN_dJJcmCD8iAS_Ao_raCLrdBA75OHC81a9rhW5ZlY8tfjB4-7rowd52uVCKSxi4HpN9rD5dsgEjEa1O1TP0_FeCS6lKbBEIIy0EvYmNx_3sR8GO_CWMCl84pAFPkxJapXRtZDsc&amp;__tn__=*NK-R\">#EuropeanYearOfYouth<\/a> <a class=\"oajrlxb2 g5ia77u1 qu0x051f esr5mh6w e9989ue4 r7d6kgcz rq0escxv nhd2j8a9 nc684nl6 p7hjln8o kvgmc6g5 cxmmr5t8 oygrvhab hcukyx3x jb3vyjys rz4wbd8a qt6c0cv9 a8nywdso i1ao9s8h esuyzwwr f1sip0of lzcic4wl gpro0wi8 q66pz984 b1v8xokw\" role=\"link\" href=\"https:\/\/www.facebook.com\/hashtag\/nationalyouthcongress?__eep__=6&amp;__cft__[0]=AZXoCnqtRp3RImfxzfegSHJpTszc1-DDXtc9kkljNIECB9Ov1zdwckTllTlQrBq66vqHKUjh_lmwQWE7BN_dJJcmCD8iAS_Ao_raCLrdBA75OHC81a9rhW5ZlY8tfjB4-7rowd52uVCKSxi4HpN9rD5dsgEjEa1O1TP0_FeCS6lKbBEIIy0EvYmNx_3sR8GO_CWMCl84pAFPkxJapXRtZDsc&amp;__tn__=*NK-R\">#NationalYouthCongress<\/a> <a class=\"oajrlxb2 g5ia77u1 qu0x051f esr5mh6w e9989ue4 r7d6kgcz rq0escxv nhd2j8a9 nc684nl6 p7hjln8o kvgmc6g5 cxmmr5t8 oygrvhab hcukyx3x jb3vyjys rz4wbd8a qt6c0cv9 a8nywdso i1ao9s8h esuyzwwr f1sip0of lzcic4wl gpro0wi8 q66pz984 b1v8xokw\" role=\"link\" href=\"https:\/\/www.facebook.com\/hashtag\/cityoftirana?__eep__=6&amp;__cft__[0]=AZXoCnqtRp3RImfxzfegSHJpTszc1-DDXtc9kkljNIECB9Ov1zdwckTllTlQrBq66vqHKUjh_lmwQWE7BN_dJJcmCD8iAS_Ao_raCLrdBA75OHC81a9rhW5ZlY8tfjB4-7rowd52uVCKSxi4HpN9rD5dsgEjEa1O1TP0_FeCS6lKbBEIIy0EvYmNx_3sR8GO_CWMCl84pAFPkxJapXRtZDsc&amp;__tn__=*NK-R\">#CityOfTirana<\/a><\/div>\n<div dir=\"auto\"><\/div>\n<\/div>\n","protected":false},"excerpt":{"rendered":"<p>N\u00eb kuad\u00ebr t\u00eb projektit \u201cT\u00eb ndrysh\u00ebm, por t\u00eb barabart\u00eb\u201d , 15 t\u00eb rinj t\u00eb Gjimnazi &#8220;Partizani&#8221; diskutuan mbi \u00e7\u00ebshtje t\u00eb tilla &#8230;<\/p>","protected":false},"author":3,"featured_media":2223,"comment_status":"open","ping_status":"open","sticky":false,"template":"","format":"standard","meta":{"_vp_format_video_url":"","_vp_image_focal_point":[],"footnotes":"","_links_to":"","_links_to_target":""},"categories":[1],"tags":[],"class_list":["post-2218","post","type-post","status-publish","format-standard","hentry","category-uncategorized"],"yoast_head":"<!-- This site is optimized with the Yoast SEO plugin v27.5 - https:\/\/yoast.com\/product\/yoast-seo-wordpress\/ -->\n<title>Parimi i Mosdiskriminimit: Debat i hapur nga t\u00eb rinjt\u00eb e gjimnazit Partizani - Instituti per Zhvillim dhe Inisiativa Qytetare<\/title>\n<meta name=\"robots\" content=\"index, follow, max-snippet:-1, max-image-preview:large, max-video-preview:-1\" \/>\n<link rel=\"canonical\" href=\"https:\/\/www.izhiq.org.al\/en\/2022\/06\/08\/parimi-i-mosdiskriminimit-debat-i-hapur-nga-te-rinjte-e-gjimnazit-partizani\/\" \/>\n<meta property=\"og:locale\" content=\"en_US\" \/>\n<meta property=\"og:type\" content=\"article\" \/>\n<meta property=\"og:title\" content=\"Parimi i Mosdiskriminimit: Debat i hapur nga t\u00eb rinjt\u00eb e gjimnazit Partizani - Instituti per Zhvillim dhe Inisiativa Qytetare\" \/>\n<meta property=\"og:description\" content=\"N\u00eb kuad\u00ebr t\u00eb projektit \u201cT\u00eb ndrysh\u00ebm, por t\u00eb barabart\u00eb\u201d , 15 t\u00eb rinj t\u00eb Gjimnazi &#8220;Partizani&#8221; diskutuan mbi \u00e7\u00ebshtje t\u00eb tilla ...\" \/>\n<meta property=\"og:url\" content=\"https:\/\/www.izhiq.org.al\/en\/2022\/06\/08\/parimi-i-mosdiskriminimit-debat-i-hapur-nga-te-rinjte-e-gjimnazit-partizani\/\" \/>\n<meta property=\"og:site_name\" content=\"Instituti per Zhvillim dhe Inisiativa Qytetare\" \/>\n<meta property=\"article:published_time\" content=\"2022-06-08T08:53:42+00:00\" \/>\n<meta property=\"article:modified_time\" content=\"2022-06-22T09:58:19+00:00\" \/>\n<meta property=\"og:image\" content=\"https:\/\/www.izhiq.org.al\/wp-content\/uploads\/2022\/06\/8eee0ddb-8a66-493c-8886-25f047d4103e.jpg\" \/>\n\t<meta property=\"og:image:width\" content=\"1284\" \/>\n\t<meta property=\"og:image:height\" content=\"1045\" \/>\n\t<meta property=\"og:image:type\" content=\"image\/jpeg\" \/>\n<meta name=\"author\" content=\"Daniela Burnazi\" \/>\n<meta name=\"twitter:card\" content=\"summary_large_image\" \/>\n<meta name=\"twitter:label1\" content=\"Written by\" \/>\n\t<meta name=\"twitter:data1\" content=\"Daniela Burnazi\" \/>\n\t<meta name=\"twitter:label2\" content=\"Est. reading time\" \/>\n\t<meta name=\"twitter:data2\" content=\"2 minutes\" \/>\n<script type=\"application\/ld+json\" class=\"yoast-schema-graph\">{\"@context\":\"https:\\\/\\\/schema.org\",\"@graph\":[{\"@type\":\"Article\",\"@id\":\"https:\\\/\\\/www.izhiq.org.al\\\/2022\\\/06\\\/08\\\/parimi-i-mosdiskriminimit-debat-i-hapur-nga-te-rinjte-e-gjimnazit-partizani\\\/#article\",\"isPartOf\":{\"@id\":\"https:\\\/\\\/www.izhiq.org.al\\\/2022\\\/06\\\/08\\\/parimi-i-mosdiskriminimit-debat-i-hapur-nga-te-rinjte-e-gjimnazit-partizani\\\/\"},\"author\":{\"name\":\"Daniela Burnazi\",\"@id\":\"https:\\\/\\\/www.izhiq.org.al\\\/#\\\/schema\\\/person\\\/eb975c9d487030021f1785effadb2228\"},\"headline\":\"Parimi i Mosdiskriminimit: Debat i hapur nga t\u00eb rinjt\u00eb e gjimnazit Partizani\",\"datePublished\":\"2022-06-08T08:53:42+00:00\",\"dateModified\":\"2022-06-22T09:58:19+00:00\",\"mainEntityOfPage\":{\"@id\":\"https:\\\/\\\/www.izhiq.org.al\\\/2022\\\/06\\\/08\\\/parimi-i-mosdiskriminimit-debat-i-hapur-nga-te-rinjte-e-gjimnazit-partizani\\\/\"},\"wordCount\":162,\"commentCount\":0,\"image\":{\"@id\":\"https:\\\/\\\/www.izhiq.org.al\\\/2022\\\/06\\\/08\\\/parimi-i-mosdiskriminimit-debat-i-hapur-nga-te-rinjte-e-gjimnazit-partizani\\\/#primaryimage\"},\"thumbnailUrl\":\"https:\\\/\\\/www.izhiq.org.al\\\/wp-content\\\/uploads\\\/2022\\\/06\\\/8eee0ddb-8a66-493c-8886-25f047d4103e.jpg\",\"inLanguage\":\"en-US\",\"potentialAction\":[{\"@type\":\"CommentAction\",\"name\":\"Comment\",\"target\":[\"https:\\\/\\\/www.izhiq.org.al\\\/2022\\\/06\\\/08\\\/parimi-i-mosdiskriminimit-debat-i-hapur-nga-te-rinjte-e-gjimnazit-partizani\\\/#respond\"]}]},{\"@type\":\"WebPage\",\"@id\":\"https:\\\/\\\/www.izhiq.org.al\\\/2022\\\/06\\\/08\\\/parimi-i-mosdiskriminimit-debat-i-hapur-nga-te-rinjte-e-gjimnazit-partizani\\\/\",\"url\":\"https:\\\/\\\/www.izhiq.org.al\\\/2022\\\/06\\\/08\\\/parimi-i-mosdiskriminimit-debat-i-hapur-nga-te-rinjte-e-gjimnazit-partizani\\\/\",\"name\":\"Parimi i Mosdiskriminimit: Debat i hapur nga t\u00eb rinjt\u00eb e gjimnazit Partizani - Instituti per Zhvillim dhe Inisiativa Qytetare\",\"isPartOf\":{\"@id\":\"https:\\\/\\\/www.izhiq.org.al\\\/#website\"},\"primaryImageOfPage\":{\"@id\":\"https:\\\/\\\/www.izhiq.org.al\\\/2022\\\/06\\\/08\\\/parimi-i-mosdiskriminimit-debat-i-hapur-nga-te-rinjte-e-gjimnazit-partizani\\\/#primaryimage\"},\"image\":{\"@id\":\"https:\\\/\\\/www.izhiq.org.al\\\/2022\\\/06\\\/08\\\/parimi-i-mosdiskriminimit-debat-i-hapur-nga-te-rinjte-e-gjimnazit-partizani\\\/#primaryimage\"},\"thumbnailUrl\":\"https:\\\/\\\/www.izhiq.org.al\\\/wp-content\\\/uploads\\\/2022\\\/06\\\/8eee0ddb-8a66-493c-8886-25f047d4103e.jpg\",\"datePublished\":\"2022-06-08T08:53:42+00:00\",\"dateModified\":\"2022-06-22T09:58:19+00:00\",\"author\":{\"@id\":\"https:\\\/\\\/www.izhiq.org.al\\\/#\\\/schema\\\/person\\\/eb975c9d487030021f1785effadb2228\"},\"breadcrumb\":{\"@id\":\"https:\\\/\\\/www.izhiq.org.al\\\/2022\\\/06\\\/08\\\/parimi-i-mosdiskriminimit-debat-i-hapur-nga-te-rinjte-e-gjimnazit-partizani\\\/#breadcrumb\"},\"inLanguage\":\"en-US\",\"potentialAction\":[{\"@type\":\"ReadAction\",\"target\":[\"https:\\\/\\\/www.izhiq.org.al\\\/2022\\\/06\\\/08\\\/parimi-i-mosdiskriminimit-debat-i-hapur-nga-te-rinjte-e-gjimnazit-partizani\\\/\"]}]},{\"@type\":\"ImageObject\",\"inLanguage\":\"en-US\",\"@id\":\"https:\\\/\\\/www.izhiq.org.al\\\/2022\\\/06\\\/08\\\/parimi-i-mosdiskriminimit-debat-i-hapur-nga-te-rinjte-e-gjimnazit-partizani\\\/#primaryimage\",\"url\":\"https:\\\/\\\/www.izhiq.org.al\\\/wp-content\\\/uploads\\\/2022\\\/06\\\/8eee0ddb-8a66-493c-8886-25f047d4103e.jpg\",\"contentUrl\":\"https:\\\/\\\/www.izhiq.org.al\\\/wp-content\\\/uploads\\\/2022\\\/06\\\/8eee0ddb-8a66-493c-8886-25f047d4103e.jpg\",\"width\":1284,\"height\":1045},{\"@type\":\"BreadcrumbList\",\"@id\":\"https:\\\/\\\/www.izhiq.org.al\\\/2022\\\/06\\\/08\\\/parimi-i-mosdiskriminimit-debat-i-hapur-nga-te-rinjte-e-gjimnazit-partizani\\\/#breadcrumb\",\"itemListElement\":[{\"@type\":\"ListItem\",\"position\":1,\"name\":\"Home\",\"item\":\"https:\\\/\\\/www.izhiq.org.al\\\/\"},{\"@type\":\"ListItem\",\"position\":2,\"name\":\"Parimi i Mosdiskriminimit: Debat i hapur nga t\u00eb rinjt\u00eb e gjimnazit Partizani\"}]},{\"@type\":\"WebSite\",\"@id\":\"https:\\\/\\\/www.izhiq.org.al\\\/#website\",\"url\":\"https:\\\/\\\/www.izhiq.org.al\\\/\",\"name\":\"Instituti per Zhvillim dhe Inisiativa Qytetare\",\"description\":\"Instituti per Zhvillim dhe Inisiativa Qytetare\",\"potentialAction\":[{\"@type\":\"SearchAction\",\"target\":{\"@type\":\"EntryPoint\",\"urlTemplate\":\"https:\\\/\\\/www.izhiq.org.al\\\/?s={search_term_string}\"},\"query-input\":{\"@type\":\"PropertyValueSpecification\",\"valueRequired\":true,\"valueName\":\"search_term_string\"}}],\"inLanguage\":\"en-US\"},{\"@type\":\"Person\",\"@id\":\"https:\\\/\\\/www.izhiq.org.al\\\/#\\\/schema\\\/person\\\/eb975c9d487030021f1785effadb2228\",\"name\":\"Daniela Burnazi\",\"image\":{\"@type\":\"ImageObject\",\"inLanguage\":\"en-US\",\"@id\":\"https:\\\/\\\/secure.gravatar.com\\\/avatar\\\/5aa5e701a63f11fd3fd70df1f48f9e23d0db512e36a4b79f45f92af2f58c141b?s=96&d=mm&r=g\",\"url\":\"https:\\\/\\\/secure.gravatar.com\\\/avatar\\\/5aa5e701a63f11fd3fd70df1f48f9e23d0db512e36a4b79f45f92af2f58c141b?s=96&d=mm&r=g\",\"contentUrl\":\"https:\\\/\\\/secure.gravatar.com\\\/avatar\\\/5aa5e701a63f11fd3fd70df1f48f9e23d0db512e36a4b79f45f92af2f58c141b?s=96&d=mm&r=g\",\"caption\":\"Daniela Burnazi\"},\"url\":\"https:\\\/\\\/www.izhiq.org.al\\\/en\\\/author\\\/danielaburnazi\\\/\"}]}<\/script>\n<!-- \/ Yoast SEO plugin. -->","yoast_head_json":{"title":"Parimi i Mosdiskriminimit: Debat i hapur nga t\u00eb rinjt\u00eb e gjimnazit Partizani - Instituti per Zhvillim dhe Inisiativa Qytetare","robots":{"index":"index","follow":"follow","max-snippet":"max-snippet:-1","max-image-preview":"max-image-preview:large","max-video-preview":"max-video-preview:-1"},"canonical":"https:\/\/www.izhiq.org.al\/en\/2022\/06\/08\/parimi-i-mosdiskriminimit-debat-i-hapur-nga-te-rinjte-e-gjimnazit-partizani\/","og_locale":"en_US","og_type":"article","og_title":"Parimi i Mosdiskriminimit: Debat i hapur nga t\u00eb rinjt\u00eb e gjimnazit Partizani - Instituti per Zhvillim dhe Inisiativa Qytetare","og_description":"N\u00eb kuad\u00ebr t\u00eb projektit \u201cT\u00eb ndrysh\u00ebm, por t\u00eb barabart\u00eb\u201d , 15 t\u00eb rinj t\u00eb Gjimnazi &#8220;Partizani&#8221; diskutuan mbi \u00e7\u00ebshtje t\u00eb tilla ...","og_url":"https:\/\/www.izhiq.org.al\/en\/2022\/06\/08\/parimi-i-mosdiskriminimit-debat-i-hapur-nga-te-rinjte-e-gjimnazit-partizani\/","og_site_name":"Instituti per Zhvillim dhe Inisiativa Qytetare","article_published_time":"2022-06-08T08:53:42+00:00","article_modified_time":"2022-06-22T09:58:19+00:00","og_image":[{"width":1284,"height":1045,"url":"https:\/\/www.izhiq.org.al\/wp-content\/uploads\/2022\/06\/8eee0ddb-8a66-493c-8886-25f047d4103e.jpg","type":"image\/jpeg"}],"author":"Daniela Burnazi","twitter_card":"summary_large_image","twitter_misc":{"Written by":"Daniela Burnazi","Est. reading time":"2 minutes"},"schema":{"@context":"https:\/\/schema.org","@graph":[{"@type":"Article","@id":"https:\/\/www.izhiq.org.al\/2022\/06\/08\/parimi-i-mosdiskriminimit-debat-i-hapur-nga-te-rinjte-e-gjimnazit-partizani\/#article","isPartOf":{"@id":"https:\/\/www.izhiq.org.al\/2022\/06\/08\/parimi-i-mosdiskriminimit-debat-i-hapur-nga-te-rinjte-e-gjimnazit-partizani\/"},"author":{"name":"Daniela Burnazi","@id":"https:\/\/www.izhiq.org.al\/#\/schema\/person\/eb975c9d487030021f1785effadb2228"},"headline":"Parimi i Mosdiskriminimit: Debat i hapur nga t\u00eb rinjt\u00eb e gjimnazit Partizani","datePublished":"2022-06-08T08:53:42+00:00","dateModified":"2022-06-22T09:58:19+00:00","mainEntityOfPage":{"@id":"https:\/\/www.izhiq.org.al\/2022\/06\/08\/parimi-i-mosdiskriminimit-debat-i-hapur-nga-te-rinjte-e-gjimnazit-partizani\/"},"wordCount":162,"commentCount":0,"image":{"@id":"https:\/\/www.izhiq.org.al\/2022\/06\/08\/parimi-i-mosdiskriminimit-debat-i-hapur-nga-te-rinjte-e-gjimnazit-partizani\/#primaryimage"},"thumbnailUrl":"https:\/\/www.izhiq.org.al\/wp-content\/uploads\/2022\/06\/8eee0ddb-8a66-493c-8886-25f047d4103e.jpg","inLanguage":"en-US","potentialAction":[{"@type":"CommentAction","name":"Comment","target":["https:\/\/www.izhiq.org.al\/2022\/06\/08\/parimi-i-mosdiskriminimit-debat-i-hapur-nga-te-rinjte-e-gjimnazit-partizani\/#respond"]}]},{"@type":"WebPage","@id":"https:\/\/www.izhiq.org.al\/2022\/06\/08\/parimi-i-mosdiskriminimit-debat-i-hapur-nga-te-rinjte-e-gjimnazit-partizani\/","url":"https:\/\/www.izhiq.org.al\/2022\/06\/08\/parimi-i-mosdiskriminimit-debat-i-hapur-nga-te-rinjte-e-gjimnazit-partizani\/","name":"Parimi i Mosdiskriminimit: Debat i hapur nga t\u00eb rinjt\u00eb e gjimnazit Partizani - Instituti per Zhvillim dhe Inisiativa Qytetare","isPartOf":{"@id":"https:\/\/www.izhiq.org.al\/#website"},"primaryImageOfPage":{"@id":"https:\/\/www.izhiq.org.al\/2022\/06\/08\/parimi-i-mosdiskriminimit-debat-i-hapur-nga-te-rinjte-e-gjimnazit-partizani\/#primaryimage"},"image":{"@id":"https:\/\/www.izhiq.org.al\/2022\/06\/08\/parimi-i-mosdiskriminimit-debat-i-hapur-nga-te-rinjte-e-gjimnazit-partizani\/#primaryimage"},"thumbnailUrl":"https:\/\/www.izhiq.org.al\/wp-content\/uploads\/2022\/06\/8eee0ddb-8a66-493c-8886-25f047d4103e.jpg","datePublished":"2022-06-08T08:53:42+00:00","dateModified":"2022-06-22T09:58:19+00:00","author":{"@id":"https:\/\/www.izhiq.org.al\/#\/schema\/person\/eb975c9d487030021f1785effadb2228"},"breadcrumb":{"@id":"https:\/\/www.izhiq.org.al\/2022\/06\/08\/parimi-i-mosdiskriminimit-debat-i-hapur-nga-te-rinjte-e-gjimnazit-partizani\/#breadcrumb"},"inLanguage":"en-US","potentialAction":[{"@type":"ReadAction","target":["https:\/\/www.izhiq.org.al\/2022\/06\/08\/parimi-i-mosdiskriminimit-debat-i-hapur-nga-te-rinjte-e-gjimnazit-partizani\/"]}]},{"@type":"ImageObject","inLanguage":"en-US","@id":"https:\/\/www.izhiq.org.al\/2022\/06\/08\/parimi-i-mosdiskriminimit-debat-i-hapur-nga-te-rinjte-e-gjimnazit-partizani\/#primaryimage","url":"https:\/\/www.izhiq.org.al\/wp-content\/uploads\/2022\/06\/8eee0ddb-8a66-493c-8886-25f047d4103e.jpg","contentUrl":"https:\/\/www.izhiq.org.al\/wp-content\/uploads\/2022\/06\/8eee0ddb-8a66-493c-8886-25f047d4103e.jpg","width":1284,"height":1045},{"@type":"BreadcrumbList","@id":"https:\/\/www.izhiq.org.al\/2022\/06\/08\/parimi-i-mosdiskriminimit-debat-i-hapur-nga-te-rinjte-e-gjimnazit-partizani\/#breadcrumb","itemListElement":[{"@type":"ListItem","position":1,"name":"Home","item":"https:\/\/www.izhiq.org.al\/"},{"@type":"ListItem","position":2,"name":"Parimi i Mosdiskriminimit: Debat i hapur nga t\u00eb rinjt\u00eb e gjimnazit Partizani"}]},{"@type":"WebSite","@id":"https:\/\/www.izhiq.org.al\/#website","url":"https:\/\/www.izhiq.org.al\/","name":"Instituti per Zhvillim dhe Inisiativa Qytetare","description":"Instituti per Zhvillim dhe Inisiativa Qytetare","potentialAction":[{"@type":"SearchAction","target":{"@type":"EntryPoint","urlTemplate":"https:\/\/www.izhiq.org.al\/?s={search_term_string}"},"query-input":{"@type":"PropertyValueSpecification","valueRequired":true,"valueName":"search_term_string"}}],"inLanguage":"en-US"},{"@type":"Person","@id":"https:\/\/www.izhiq.org.al\/#\/schema\/person\/eb975c9d487030021f1785effadb2228","name":"Daniela Burnazi","image":{"@type":"ImageObject","inLanguage":"en-US","@id":"https:\/\/secure.gravatar.com\/avatar\/5aa5e701a63f11fd3fd70df1f48f9e23d0db512e36a4b79f45f92af2f58c141b?s=96&d=mm&r=g","url":"https:\/\/secure.gravatar.com\/avatar\/5aa5e701a63f11fd3fd70df1f48f9e23d0db512e36a4b79f45f92af2f58c141b?s=96&d=mm&r=g","contentUrl":"https:\/\/secure.gravatar.com\/avatar\/5aa5e701a63f11fd3fd70df1f48f9e23d0db512e36a4b79f45f92af2f58c141b?s=96&d=mm&r=g","caption":"Daniela Burnazi"},"url":"https:\/\/www.izhiq.org.al\/en\/author\/danielaburnazi\/"}]}},"rttpg_featured_image_url":{"full":["https:\/\/www.izhiq.org.al\/wp-content\/uploads\/2022\/06\/8eee0ddb-8a66-493c-8886-25f047d4103e.jpg",1284,1045,false],"landscape":["https:\/\/www.izhiq.org.al\/wp-content\/uploads\/2022\/06\/8eee0ddb-8a66-493c-8886-25f047d4103e.jpg",1284,1045,false],"portraits":["https:\/\/www.izhiq.org.al\/wp-content\/uploads\/2022\/06\/8eee0ddb-8a66-493c-8886-25f047d4103e.jpg",1284,1045,false],"thumbnail":["https:\/\/www.izhiq.org.al\/wp-content\/uploads\/2022\/06\/8eee0ddb-8a66-493c-8886-25f047d4103e-150x150.jpg",150,150,true],"medium":["https:\/\/www.izhiq.org.al\/wp-content\/uploads\/2022\/06\/8eee0ddb-8a66-493c-8886-25f047d4103e-300x244.jpg",300,244,true],"large":["https:\/\/www.izhiq.org.al\/wp-content\/uploads\/2022\/06\/8eee0ddb-8a66-493c-8886-25f047d4103e-1024x833.jpg",800,651,true],"1536x1536":["https:\/\/www.izhiq.org.al\/wp-content\/uploads\/2022\/06\/8eee0ddb-8a66-493c-8886-25f047d4103e.jpg",1284,1045,false],"2048x2048":["https:\/\/www.izhiq.org.al\/wp-content\/uploads\/2022\/06\/8eee0ddb-8a66-493c-8886-25f047d4103e.jpg",1284,1045,false],"trp-custom-language-flag":["https:\/\/www.izhiq.org.al\/wp-content\/uploads\/2022\/06\/8eee0ddb-8a66-493c-8886-25f047d4103e-15x12.jpg",15,12,true],"vp_sm":["https:\/\/www.izhiq.org.al\/wp-content\/uploads\/2022\/06\/8eee0ddb-8a66-493c-8886-25f047d4103e-500x407.jpg",500,407,true],"vp_md":["https:\/\/www.izhiq.org.al\/wp-content\/uploads\/2022\/06\/8eee0ddb-8a66-493c-8886-25f047d4103e-800x651.jpg",800,651,true],"vp_lg":["https:\/\/www.izhiq.org.al\/wp-content\/uploads\/2022\/06\/8eee0ddb-8a66-493c-8886-25f047d4103e-1280x1042.jpg",1280,1042,true],"vp_xl":["https:\/\/www.izhiq.org.al\/wp-content\/uploads\/2022\/06\/8eee0ddb-8a66-493c-8886-25f047d4103e.jpg",1284,1045,false],"vp_sm_popup":["https:\/\/www.izhiq.org.al\/wp-content\/uploads\/2022\/06\/8eee0ddb-8a66-493c-8886-25f047d4103e-500x407.jpg",500,407,true],"vp_md_popup":["https:\/\/www.izhiq.org.al\/wp-content\/uploads\/2022\/06\/8eee0ddb-8a66-493c-8886-25f047d4103e-800x651.jpg",800,651,true],"vp_xl_popup":["https:\/\/www.izhiq.org.al\/wp-content\/uploads\/2022\/06\/8eee0ddb-8a66-493c-8886-25f047d4103e.jpg",1284,1045,false],"charitypro_small-thumb":["https:\/\/www.izhiq.org.al\/wp-content\/uploads\/2022\/06\/8eee0ddb-8a66-493c-8886-25f047d4103e-400x200.jpg",400,200,true],"charitypro_medium-thumb":["https:\/\/www.izhiq.org.al\/wp-content\/uploads\/2022\/06\/8eee0ddb-8a66-493c-8886-25f047d4103e-600x300.jpg",600,300,true],"charitypro_blog-large":["https:\/\/www.izhiq.org.al\/wp-content\/uploads\/2022\/06\/8eee0ddb-8a66-493c-8886-25f047d4103e-800x400.jpg",800,400,true],"charitypro_croped-thumb":["https:\/\/www.izhiq.org.al\/wp-content\/uploads\/2022\/06\/8eee0ddb-8a66-493c-8886-25f047d4103e-500x306.jpg",500,306,true],"rt_custom":["https:\/\/www.izhiq.org.al\/wp-content\/uploads\/2022\/06\/8eee0ddb-8a66-493c-8886-25f047d4103e.jpg",1284,1045,false]},"rttpg_author":{"display_name":"Daniela Burnazi","author_link":"https:\/\/www.izhiq.org.al\/en\/author\/danielaburnazi\/"},"rttpg_comment":0,"rttpg_category":"<a href=\"https:\/\/www.izhiq.org.al\/en\/category\/uncategorized\/\" rel=\"category tag\">Uncategorized<\/a>","rttpg_excerpt":"N\u00eb kuad\u00ebr t\u00eb projektit \u201cT\u00eb ndrysh\u00ebm, por t\u00eb barabart\u00eb\u201d , 15 t\u00eb rinj t\u00eb Gjimnazi &#8220;Partizani&#8221; diskutuan mbi \u00e7\u00ebshtje t\u00eb tilla ...","_links":{"self":[{"href":"https:\/\/www.izhiq.org.al\/en\/wp-json\/wp\/v2\/posts\/2218","targetHints":{"allow":["GET"]}}],"collection":[{"href":"https:\/\/www.izhiq.org.al\/en\/wp-json\/wp\/v2\/posts"}],"about":[{"href":"https:\/\/www.izhiq.org.al\/en\/wp-json\/wp\/v2\/types\/post"}],"author":[{"embeddable":true,"href":"https:\/\/www.izhiq.org.al\/en\/wp-json\/wp\/v2\/users\/3"}],"replies":[{"embeddable":true,"href":"https:\/\/www.izhiq.org.al\/en\/wp-json\/wp\/v2\/comments?post=2218"}],"version-history":[{"count":3,"href":"https:\/\/www.izhiq.org.al\/en\/wp-json\/wp\/v2\/posts\/2218\/revisions"}],"predecessor-version":[{"id":2226,"href":"https:\/\/www.izhiq.org.al\/en\/wp-json\/wp\/v2\/posts\/2218\/revisions\/2226"}],"wp:featuredmedia":[{"embeddable":true,"href":"https:\/\/www.izhiq.org.al\/en\/wp-json\/wp\/v2\/media\/2223"}],"wp:attachment":[{"href":"https:\/\/www.izhiq.org.al\/en\/wp-json\/wp\/v2\/media?parent=2218"}],"wp:term":[{"taxonomy":"category","embeddable":true,"href":"https:\/\/www.izhiq.org.al\/en\/wp-json\/wp\/v2\/categories?post=2218"},{"taxonomy":"post_tag","embeddable":true,"href":"https:\/\/www.izhiq.org.al\/en\/wp-json\/wp\/v2\/tags?post=2218"}],"curies":[{"name":"wp","href":"https:\/\/api.w.org\/{rel}","templated":true}]}}