{"id":2316,"date":"2023-02-24T13:37:31","date_gmt":"2023-02-24T13:37:31","guid":{"rendered":"https:\/\/www.izhiq.org.al\/?p=2316"},"modified":"2023-02-24T13:37:31","modified_gmt":"2023-02-24T13:37:31","slug":"histori-biznesi-florina-nesimi-rabdisht-diber","status":"publish","type":"post","link":"https:\/\/www.izhiq.org.al\/en\/2023\/02\/24\/histori-biznesi-florina-nesimi-rabdisht-diber\/","title":{"rendered":"Histori biznesi: Florina Nesimi (Rabdisht, Dib\u00ebr)"},"content":{"rendered":"<p>Florina jeton nj\u00eb fshat t\u00eb bukur, nj\u00eb nga m\u00eb t\u00eb bukurit n\u00eb Shqip\u00ebri. Rabdishti ndodhet vet\u00ebm pes\u00eb kilometra larg Peshkopis\u00eb dhe p\u00ebrfundimi s\u00eb shpejti i rrug\u00ebs q\u00eb i lidh bashk\u00eb do ta kthej\u00eb shum\u00eb shpejt edhe n\u00eb nj\u00eb nga zonat m\u00eb t\u00eb vizitura n\u00eb veriun e vendit. Fshati i gurt\u00eb, si nj\u00eb miniatur\u00eb e qyteteve pasuri t\u00eb UNESCO, Beratit dhe Gjirokastr\u00ebs, mbetet nj\u00eb mister ende i pazbuluar jo vet\u00ebm m\u00eb t\u00eb huajt, apo shqiptar\u00ebt brenda dhe jasht\u00eb vendit, por p\u00ebr fat t\u00eb keq edhe p\u00ebr shum\u00eb matjan\u00eb dhe Dibran\u00eb.<\/p>\n<p><img loading=\"lazy\" decoding=\"async\" class=\"size-vp_sm wp-image-2317 aligncenter\" src=\"https:\/\/www.izhiq.org.al\/wp-content\/uploads\/2023\/02\/WhatsApp-Image-2023-02-24-at-1.30.34-PM-500x667.jpeg\" alt=\"\" width=\"500\" height=\"667\" srcset=\"https:\/\/www.izhiq.org.al\/wp-content\/uploads\/2023\/02\/WhatsApp-Image-2023-02-24-at-1.30.34-PM-500x667.jpeg 500w, https:\/\/www.izhiq.org.al\/wp-content\/uploads\/2023\/02\/WhatsApp-Image-2023-02-24-at-1.30.34-PM-225x300.jpeg 225w, https:\/\/www.izhiq.org.al\/wp-content\/uploads\/2023\/02\/WhatsApp-Image-2023-02-24-at-1.30.34-PM-9x12.jpeg 9w, https:\/\/www.izhiq.org.al\/wp-content\/uploads\/2023\/02\/WhatsApp-Image-2023-02-24-at-1.30.34-PM-18x24.jpeg 18w, https:\/\/www.izhiq.org.al\/wp-content\/uploads\/2023\/02\/WhatsApp-Image-2023-02-24-at-1.30.34-PM-27x36.jpeg 27w, https:\/\/www.izhiq.org.al\/wp-content\/uploads\/2023\/02\/WhatsApp-Image-2023-02-24-at-1.30.34-PM-36x48.jpeg 36w, https:\/\/www.izhiq.org.al\/wp-content\/uploads\/2023\/02\/WhatsApp-Image-2023-02-24-at-1.30.34-PM-600x800.jpeg 600w, https:\/\/www.izhiq.org.al\/wp-content\/uploads\/2023\/02\/WhatsApp-Image-2023-02-24-at-1.30.34-PM.jpeg 768w\" sizes=\"auto, (max-width: 500px) 100vw, 500px\" \/>Shkak \u00ebsht\u00eb b\u00ebr\u00eb rruga pothuaj e pakalueshme dhe braktisja e fshatit . N\u00eb k\u00ebt\u00eb fshat Florina ka rreth tridhjet\u00eb vite q\u00eb jeton, q\u00eb kur \u00ebsht\u00eb martuar.\u00a0 Jetesa nuk ka qen\u00eb e lehte p\u00ebr Florid\u00ebn dhe familjen e saj. P\u00ebr dekada t\u00eb vetmet t\u00eb ardhura kan\u00eb qen\u00eb shitja e produkteve agrobujq\u00ebsore si, fasulet e patatet, kryesisht tek t\u00eb af\u00ebrmit dhe e bim\u00ebve medicinale q\u00eb familje i mbledh n\u00eb bjeshk\u00eb. F\u00ebmij\u00ebt u rrit\u00ebn, nj\u00ebri nga djemt\u00eb \u00ebsht\u00eb larguar n\u00eb emigracion, nd\u00ebrsa tjetri punon n\u00eb Peshkopi, por ende Florina vazhdon t\u00eb prodhoj\u00eb fasule e patate dhe t\u00eb mbledhi bim\u00eb medicinale. Bashk\u00ebshorti, nj\u00eb nd\u00ebrtuas duarart\u00eb, ashtu si\u00e7 jan\u00eb t\u00eb gjith\u00eb burrat e k\u00ebsaj an\u00eb punon her\u00eb pas here n\u00eb nd\u00ebrtim edhe larg sht\u00ebpis\u00eb dhe t\u00eb ardhurat q\u00eb krijon nuk jan\u00eb t\u00eb q\u00ebndrueshme. N\u00eb pranver\u00eb t\u00eb dy me Florin\u00ebn ngjiten n\u00eb mal.\u2019 \u00cbsht\u00eb e v\u00ebshtir\u00eb, tregon Florina. \u00c7ohemi n\u00eb kat\u00ebr t\u00eb m\u00ebngjesit dhe kthehemi nat\u00ebn von\u00eb, gjasht\u00eb or\u00eb b\u00ebjm\u00eb rrug\u00eb \u00e7do dit\u00eb, tre p\u00ebr t\u2019u ngjitur dhe tre t\u00eb tjera p\u00ebr t\u00eb zbritur. Edhe procesi i mbledhjes nuk \u00ebsht\u00eb i leht\u00eb.\u201d<\/p>\n<div style=\"width: 480px;\" class=\"wp-video\"><video class=\"wp-video-shortcode\" id=\"video-2316-1\" width=\"480\" height=\"832\" preload=\"metadata\" controls=\"controls\"><source type=\"video\/mp4\" src=\"https:\/\/www.izhiq.org.al\/wp-content\/uploads\/2023\/02\/WhatsApp-Video-2023-02-24-at-1.26.02-PM.mp4?_=1\" \/><a href=\"https:\/\/www.izhiq.org.al\/wp-content\/uploads\/2023\/02\/WhatsApp-Video-2023-02-24-at-1.26.02-PM.mp4\">https:\/\/www.izhiq.org.al\/wp-content\/uploads\/2023\/02\/WhatsApp-Video-2023-02-24-at-1.26.02-PM.mp4<\/a><\/video><\/div>\n<p>Zona e Rabdishtit \u00ebsht\u00eb e pasur me bim\u00eb medicinale dhe pjesa m\u00eb e madhe e grave n\u00eb Rabdisht\u00a0 gjat\u00eb pranver\u00ebs shpenzojn\u00eb shum\u00eb koh\u00eb n\u00eb bjeshk\u00eb duke mbledhur bim\u00eb medicinale. P\u00ebr fat, n\u00eb Peshkopi \u00ebsht\u00eb nj\u00eb qend\u00ebr grumbullimi p\u00ebr bim\u00ebt medicinale. Florina arrin t\u00eb krijoj\u00eb \u00e7do vit pak t\u00eb ardhura nga shitja e bim\u00ebve medicinale dhe boronicave, por k\u00ebto t\u00eb ardhura jan\u00eb t\u00eb pamjaftueshme p\u00ebr t\u00eb plot\u00ebsuar t\u00eb gjitha nevojat e familjes prej kat\u00ebr an\u00ebtar\u00ebsh.<\/p>\n<p><img loading=\"lazy\" decoding=\"async\" class=\"wp-image-2319 aligncenter\" src=\"https:\/\/www.izhiq.org.al\/wp-content\/uploads\/2023\/02\/WhatsApp-Image-2023-02-24-at-1.25.58-PM-2.jpeg\" alt=\"\" width=\"318\" height=\"424\" srcset=\"https:\/\/www.izhiq.org.al\/wp-content\/uploads\/2023\/02\/WhatsApp-Image-2023-02-24-at-1.25.58-PM-2.jpeg 384w, https:\/\/www.izhiq.org.al\/wp-content\/uploads\/2023\/02\/WhatsApp-Image-2023-02-24-at-1.25.58-PM-2-225x300.jpeg 225w, https:\/\/www.izhiq.org.al\/wp-content\/uploads\/2023\/02\/WhatsApp-Image-2023-02-24-at-1.25.58-PM-2-9x12.jpeg 9w, https:\/\/www.izhiq.org.al\/wp-content\/uploads\/2023\/02\/WhatsApp-Image-2023-02-24-at-1.25.58-PM-2-18x24.jpeg 18w, https:\/\/www.izhiq.org.al\/wp-content\/uploads\/2023\/02\/WhatsApp-Image-2023-02-24-at-1.25.58-PM-2-27x36.jpeg 27w, https:\/\/www.izhiq.org.al\/wp-content\/uploads\/2023\/02\/WhatsApp-Image-2023-02-24-at-1.25.58-PM-2-36x48.jpeg 36w\" sizes=\"auto, (max-width: 318px) 100vw, 318px\" \/>Tashm\u00eb q\u00eb po b\u00ebhet rruga dhe pas futjes s\u00eb Rabdishtit n\u00eb list\u00ebn e 100 fshtarave turistik\u00eb, Florina \u00ebnd\u00ebrron q\u00eb banes\u00ebn e saj prej guri ta kthej\u00eb n\u00eb bujtin\u00eb, ashtu si\u00e7 po sheh edhe bashk\u00ebfshatar\u00eb t\u00eb tjer\u00eb ta b\u00ebjn\u00eb. \u201cEdhe sot ne mir\u00ebpresim turist\u00eb n\u00eb fshatin ton\u00eb, por ata jan\u00eb t\u00eb pakt\u00eb. Ndodh edhe q\u00eb na trokasin n\u00eb der\u00eb dhe k\u00ebrkojn\u00eb t\u00eb blejn\u00eb produkte q\u00eb prodhohen n\u00eb k\u00ebt\u00eb zon\u00eb, q\u00eb \u00ebsht\u00eb e njohur m\u00eb produktet cil\u00ebsore dhe me shije t\u00eb ve\u00e7ant\u00eb. Synimi yn\u00eb \u00ebsht\u00eb q\u00eb ta kthejm\u00eb banes\u00ebn n\u00eb sht\u00ebpi pritjeje. Dhe ky nuk \u00ebsht\u00eb thjesht dhe vet\u00ebm nj\u00eb d\u00ebshir\u00eb, kemi filluar t\u00eb punojm\u00eb p\u00ebr k\u00ebt\u00eb. Por duhet koh\u00eb dhe para dhe kemi nevoj\u00eb p\u00ebr k\u00ebshilla se si ngrihet dhe menaxhohet nj\u00eb bujtin\u00eb q\u00eb pret turist\u00eb. Kjo ishte edhe arsyeja q\u00eb e prita m\u00eb shum\u00eb d\u00ebshir\u00eb ftes\u00ebn p\u00ebr t\u00eb marr\u00eb pjes\u00eb n\u00eb aktivitet q\u00eb po organizon IZHIQ me grat\u00eb n\u00eb Dib\u00ebr.\u201d<\/p>\n<p><img loading=\"lazy\" decoding=\"async\" class=\"size-vp_sm wp-image-2320 aligncenter\" src=\"https:\/\/www.izhiq.org.al\/wp-content\/uploads\/2023\/02\/WhatsApp-Image-2023-02-24-at-1.31.24-PM-500x667.jpeg\" alt=\"\" width=\"500\" height=\"667\" srcset=\"https:\/\/www.izhiq.org.al\/wp-content\/uploads\/2023\/02\/WhatsApp-Image-2023-02-24-at-1.31.24-PM-500x667.jpeg 500w, https:\/\/www.izhiq.org.al\/wp-content\/uploads\/2023\/02\/WhatsApp-Image-2023-02-24-at-1.31.24-PM-225x300.jpeg 225w, https:\/\/www.izhiq.org.al\/wp-content\/uploads\/2023\/02\/WhatsApp-Image-2023-02-24-at-1.31.24-PM-9x12.jpeg 9w, https:\/\/www.izhiq.org.al\/wp-content\/uploads\/2023\/02\/WhatsApp-Image-2023-02-24-at-1.31.24-PM-18x24.jpeg 18w, https:\/\/www.izhiq.org.al\/wp-content\/uploads\/2023\/02\/WhatsApp-Image-2023-02-24-at-1.31.24-PM-27x36.jpeg 27w, https:\/\/www.izhiq.org.al\/wp-content\/uploads\/2023\/02\/WhatsApp-Image-2023-02-24-at-1.31.24-PM-36x48.jpeg 36w, https:\/\/www.izhiq.org.al\/wp-content\/uploads\/2023\/02\/WhatsApp-Image-2023-02-24-at-1.31.24-PM-600x800.jpeg 600w, https:\/\/www.izhiq.org.al\/wp-content\/uploads\/2023\/02\/WhatsApp-Image-2023-02-24-at-1.31.24-PM.jpeg 768w\" sizes=\"auto, (max-width: 500px) 100vw, 500px\" \/><\/p>","protected":false},"excerpt":{"rendered":"<p>Florina jeton nj\u00eb fshat t\u00eb bukur, nj\u00eb nga m\u00eb t\u00eb bukurit n\u00eb Shqip\u00ebri. Rabdishti ndodhet vet\u00ebm pes\u00eb kilometra larg Peshkopis\u00eb dhe &#8230;<\/p>","protected":false},"author":3,"featured_media":2322,"comment_status":"open","ping_status":"open","sticky":false,"template":"","format":"standard","meta":{"_vp_format_video_url":"","_vp_image_focal_point":[],"footnotes":"","_links_to":"","_links_to_target":""},"categories":[48,56,53],"tags":[],"class_list":["post-2316","post","type-post","status-publish","format-standard","hentry","category-aktivitete","category-aktivitete-fuqizimi-gruas","category-projekte-fuqizimi-gruas"],"yoast_head":"<!-- This site is optimized with the Yoast SEO plugin v27.5 - https:\/\/yoast.com\/product\/yoast-seo-wordpress\/ -->\n<title>Histori biznesi: Florina Nesimi (Rabdisht, Dib\u00ebr) - Instituti per Zhvillim dhe Inisiativa Qytetare<\/title>\n<meta name=\"robots\" content=\"index, follow, max-snippet:-1, max-image-preview:large, max-video-preview:-1\" \/>\n<link rel=\"canonical\" href=\"https:\/\/www.izhiq.org.al\/en\/2023\/02\/24\/histori-biznesi-florina-nesimi-rabdisht-diber\/\" \/>\n<meta property=\"og:locale\" content=\"en_US\" \/>\n<meta property=\"og:type\" content=\"article\" \/>\n<meta property=\"og:title\" content=\"Histori biznesi: Florina Nesimi (Rabdisht, Dib\u00ebr) - Instituti per Zhvillim dhe Inisiativa Qytetare\" \/>\n<meta property=\"og:description\" content=\"Florina jeton nj\u00eb fshat t\u00eb bukur, nj\u00eb nga m\u00eb t\u00eb bukurit n\u00eb Shqip\u00ebri. Rabdishti ndodhet vet\u00ebm pes\u00eb kilometra larg Peshkopis\u00eb dhe ...\" \/>\n<meta property=\"og:url\" content=\"https:\/\/www.izhiq.org.al\/en\/2023\/02\/24\/histori-biznesi-florina-nesimi-rabdisht-diber\/\" \/>\n<meta property=\"og:site_name\" content=\"Instituti per Zhvillim dhe Inisiativa Qytetare\" \/>\n<meta property=\"article:published_time\" content=\"2023-02-24T13:37:31+00:00\" \/>\n<meta property=\"og:image\" content=\"https:\/\/www.izhiq.org.al\/wp-content\/uploads\/2023\/02\/1.png\" \/>\n\t<meta property=\"og:image:width\" content=\"1640\" \/>\n\t<meta property=\"og:image:height\" content=\"924\" \/>\n\t<meta property=\"og:image:type\" content=\"image\/png\" \/>\n<meta name=\"author\" content=\"Daniela Burnazi\" \/>\n<meta name=\"twitter:card\" content=\"summary_large_image\" \/>\n<meta name=\"twitter:label1\" content=\"Written by\" \/>\n\t<meta name=\"twitter:data1\" content=\"Daniela Burnazi\" \/>\n\t<meta name=\"twitter:label2\" content=\"Est. reading time\" \/>\n\t<meta name=\"twitter:data2\" content=\"3 minutes\" \/>\n<script type=\"application\/ld+json\" class=\"yoast-schema-graph\">{\"@context\":\"https:\\\/\\\/schema.org\",\"@graph\":[{\"@type\":\"Article\",\"@id\":\"https:\\\/\\\/www.izhiq.org.al\\\/2023\\\/02\\\/24\\\/histori-biznesi-florina-nesimi-rabdisht-diber\\\/#article\",\"isPartOf\":{\"@id\":\"https:\\\/\\\/www.izhiq.org.al\\\/2023\\\/02\\\/24\\\/histori-biznesi-florina-nesimi-rabdisht-diber\\\/\"},\"author\":{\"name\":\"Daniela Burnazi\",\"@id\":\"https:\\\/\\\/www.izhiq.org.al\\\/#\\\/schema\\\/person\\\/eb975c9d487030021f1785effadb2228\"},\"headline\":\"Histori biznesi: Florina Nesimi (Rabdisht, Dib\u00ebr)\",\"datePublished\":\"2023-02-24T13:37:31+00:00\",\"mainEntityOfPage\":{\"@id\":\"https:\\\/\\\/www.izhiq.org.al\\\/2023\\\/02\\\/24\\\/histori-biznesi-florina-nesimi-rabdisht-diber\\\/\"},\"wordCount\":584,\"commentCount\":0,\"image\":{\"@id\":\"https:\\\/\\\/www.izhiq.org.al\\\/2023\\\/02\\\/24\\\/histori-biznesi-florina-nesimi-rabdisht-diber\\\/#primaryimage\"},\"thumbnailUrl\":\"https:\\\/\\\/www.izhiq.org.al\\\/wp-content\\\/uploads\\\/2023\\\/02\\\/1.png\",\"articleSection\":[\"Aktivitete\",\"Aktivitete fuqizimi gruas\",\"Projekte fuqizimi gruas\"],\"inLanguage\":\"en-US\",\"potentialAction\":[{\"@type\":\"CommentAction\",\"name\":\"Comment\",\"target\":[\"https:\\\/\\\/www.izhiq.org.al\\\/2023\\\/02\\\/24\\\/histori-biznesi-florina-nesimi-rabdisht-diber\\\/#respond\"]}]},{\"@type\":\"WebPage\",\"@id\":\"https:\\\/\\\/www.izhiq.org.al\\\/2023\\\/02\\\/24\\\/histori-biznesi-florina-nesimi-rabdisht-diber\\\/\",\"url\":\"https:\\\/\\\/www.izhiq.org.al\\\/2023\\\/02\\\/24\\\/histori-biznesi-florina-nesimi-rabdisht-diber\\\/\",\"name\":\"Histori biznesi: Florina Nesimi (Rabdisht, Dib\u00ebr) - Instituti per Zhvillim dhe Inisiativa Qytetare\",\"isPartOf\":{\"@id\":\"https:\\\/\\\/www.izhiq.org.al\\\/#website\"},\"primaryImageOfPage\":{\"@id\":\"https:\\\/\\\/www.izhiq.org.al\\\/2023\\\/02\\\/24\\\/histori-biznesi-florina-nesimi-rabdisht-diber\\\/#primaryimage\"},\"image\":{\"@id\":\"https:\\\/\\\/www.izhiq.org.al\\\/2023\\\/02\\\/24\\\/histori-biznesi-florina-nesimi-rabdisht-diber\\\/#primaryimage\"},\"thumbnailUrl\":\"https:\\\/\\\/www.izhiq.org.al\\\/wp-content\\\/uploads\\\/2023\\\/02\\\/1.png\",\"datePublished\":\"2023-02-24T13:37:31+00:00\",\"author\":{\"@id\":\"https:\\\/\\\/www.izhiq.org.al\\\/#\\\/schema\\\/person\\\/eb975c9d487030021f1785effadb2228\"},\"breadcrumb\":{\"@id\":\"https:\\\/\\\/www.izhiq.org.al\\\/2023\\\/02\\\/24\\\/histori-biznesi-florina-nesimi-rabdisht-diber\\\/#breadcrumb\"},\"inLanguage\":\"en-US\",\"potentialAction\":[{\"@type\":\"ReadAction\",\"target\":[\"https:\\\/\\\/www.izhiq.org.al\\\/2023\\\/02\\\/24\\\/histori-biznesi-florina-nesimi-rabdisht-diber\\\/\"]}]},{\"@type\":\"ImageObject\",\"inLanguage\":\"en-US\",\"@id\":\"https:\\\/\\\/www.izhiq.org.al\\\/2023\\\/02\\\/24\\\/histori-biznesi-florina-nesimi-rabdisht-diber\\\/#primaryimage\",\"url\":\"https:\\\/\\\/www.izhiq.org.al\\\/wp-content\\\/uploads\\\/2023\\\/02\\\/1.png\",\"contentUrl\":\"https:\\\/\\\/www.izhiq.org.al\\\/wp-content\\\/uploads\\\/2023\\\/02\\\/1.png\",\"width\":1640,\"height\":924},{\"@type\":\"BreadcrumbList\",\"@id\":\"https:\\\/\\\/www.izhiq.org.al\\\/2023\\\/02\\\/24\\\/histori-biznesi-florina-nesimi-rabdisht-diber\\\/#breadcrumb\",\"itemListElement\":[{\"@type\":\"ListItem\",\"position\":1,\"name\":\"Home\",\"item\":\"https:\\\/\\\/www.izhiq.org.al\\\/\"},{\"@type\":\"ListItem\",\"position\":2,\"name\":\"Histori biznesi: Florina Nesimi (Rabdisht, Dib\u00ebr)\"}]},{\"@type\":\"WebSite\",\"@id\":\"https:\\\/\\\/www.izhiq.org.al\\\/#website\",\"url\":\"https:\\\/\\\/www.izhiq.org.al\\\/\",\"name\":\"Instituti per Zhvillim dhe Inisiativa Qytetare\",\"description\":\"Instituti per Zhvillim dhe Inisiativa Qytetare\",\"potentialAction\":[{\"@type\":\"SearchAction\",\"target\":{\"@type\":\"EntryPoint\",\"urlTemplate\":\"https:\\\/\\\/www.izhiq.org.al\\\/?s={search_term_string}\"},\"query-input\":{\"@type\":\"PropertyValueSpecification\",\"valueRequired\":true,\"valueName\":\"search_term_string\"}}],\"inLanguage\":\"en-US\"},{\"@type\":\"Person\",\"@id\":\"https:\\\/\\\/www.izhiq.org.al\\\/#\\\/schema\\\/person\\\/eb975c9d487030021f1785effadb2228\",\"name\":\"Daniela Burnazi\",\"image\":{\"@type\":\"ImageObject\",\"inLanguage\":\"en-US\",\"@id\":\"https:\\\/\\\/secure.gravatar.com\\\/avatar\\\/5aa5e701a63f11fd3fd70df1f48f9e23d0db512e36a4b79f45f92af2f58c141b?s=96&d=mm&r=g\",\"url\":\"https:\\\/\\\/secure.gravatar.com\\\/avatar\\\/5aa5e701a63f11fd3fd70df1f48f9e23d0db512e36a4b79f45f92af2f58c141b?s=96&d=mm&r=g\",\"contentUrl\":\"https:\\\/\\\/secure.gravatar.com\\\/avatar\\\/5aa5e701a63f11fd3fd70df1f48f9e23d0db512e36a4b79f45f92af2f58c141b?s=96&d=mm&r=g\",\"caption\":\"Daniela Burnazi\"},\"url\":\"https:\\\/\\\/www.izhiq.org.al\\\/en\\\/author\\\/danielaburnazi\\\/\"}]}<\/script>\n<!-- \/ Yoast SEO plugin. -->","yoast_head_json":{"title":"Histori biznesi: Florina Nesimi (Rabdisht, Dib\u00ebr) - Instituti per Zhvillim dhe Inisiativa Qytetare","robots":{"index":"index","follow":"follow","max-snippet":"max-snippet:-1","max-image-preview":"max-image-preview:large","max-video-preview":"max-video-preview:-1"},"canonical":"https:\/\/www.izhiq.org.al\/en\/2023\/02\/24\/histori-biznesi-florina-nesimi-rabdisht-diber\/","og_locale":"en_US","og_type":"article","og_title":"Histori biznesi: Florina Nesimi (Rabdisht, Dib\u00ebr) - Instituti per Zhvillim dhe Inisiativa Qytetare","og_description":"Florina jeton nj\u00eb fshat t\u00eb bukur, nj\u00eb nga m\u00eb t\u00eb bukurit n\u00eb Shqip\u00ebri. Rabdishti ndodhet vet\u00ebm pes\u00eb kilometra larg Peshkopis\u00eb dhe ...","og_url":"https:\/\/www.izhiq.org.al\/en\/2023\/02\/24\/histori-biznesi-florina-nesimi-rabdisht-diber\/","og_site_name":"Instituti per Zhvillim dhe Inisiativa Qytetare","article_published_time":"2023-02-24T13:37:31+00:00","og_image":[{"width":1640,"height":924,"url":"https:\/\/www.izhiq.org.al\/wp-content\/uploads\/2023\/02\/1.png","type":"image\/png"}],"author":"Daniela Burnazi","twitter_card":"summary_large_image","twitter_misc":{"Written by":"Daniela Burnazi","Est. reading time":"3 minutes"},"schema":{"@context":"https:\/\/schema.org","@graph":[{"@type":"Article","@id":"https:\/\/www.izhiq.org.al\/2023\/02\/24\/histori-biznesi-florina-nesimi-rabdisht-diber\/#article","isPartOf":{"@id":"https:\/\/www.izhiq.org.al\/2023\/02\/24\/histori-biznesi-florina-nesimi-rabdisht-diber\/"},"author":{"name":"Daniela Burnazi","@id":"https:\/\/www.izhiq.org.al\/#\/schema\/person\/eb975c9d487030021f1785effadb2228"},"headline":"Histori biznesi: Florina Nesimi (Rabdisht, Dib\u00ebr)","datePublished":"2023-02-24T13:37:31+00:00","mainEntityOfPage":{"@id":"https:\/\/www.izhiq.org.al\/2023\/02\/24\/histori-biznesi-florina-nesimi-rabdisht-diber\/"},"wordCount":584,"commentCount":0,"image":{"@id":"https:\/\/www.izhiq.org.al\/2023\/02\/24\/histori-biznesi-florina-nesimi-rabdisht-diber\/#primaryimage"},"thumbnailUrl":"https:\/\/www.izhiq.org.al\/wp-content\/uploads\/2023\/02\/1.png","articleSection":["Aktivitete","Aktivitete fuqizimi gruas","Projekte fuqizimi gruas"],"inLanguage":"en-US","potentialAction":[{"@type":"CommentAction","name":"Comment","target":["https:\/\/www.izhiq.org.al\/2023\/02\/24\/histori-biznesi-florina-nesimi-rabdisht-diber\/#respond"]}]},{"@type":"WebPage","@id":"https:\/\/www.izhiq.org.al\/2023\/02\/24\/histori-biznesi-florina-nesimi-rabdisht-diber\/","url":"https:\/\/www.izhiq.org.al\/2023\/02\/24\/histori-biznesi-florina-nesimi-rabdisht-diber\/","name":"Histori biznesi: Florina Nesimi (Rabdisht, Dib\u00ebr) - Instituti per Zhvillim dhe Inisiativa Qytetare","isPartOf":{"@id":"https:\/\/www.izhiq.org.al\/#website"},"primaryImageOfPage":{"@id":"https:\/\/www.izhiq.org.al\/2023\/02\/24\/histori-biznesi-florina-nesimi-rabdisht-diber\/#primaryimage"},"image":{"@id":"https:\/\/www.izhiq.org.al\/2023\/02\/24\/histori-biznesi-florina-nesimi-rabdisht-diber\/#primaryimage"},"thumbnailUrl":"https:\/\/www.izhiq.org.al\/wp-content\/uploads\/2023\/02\/1.png","datePublished":"2023-02-24T13:37:31+00:00","author":{"@id":"https:\/\/www.izhiq.org.al\/#\/schema\/person\/eb975c9d487030021f1785effadb2228"},"breadcrumb":{"@id":"https:\/\/www.izhiq.org.al\/2023\/02\/24\/histori-biznesi-florina-nesimi-rabdisht-diber\/#breadcrumb"},"inLanguage":"en-US","potentialAction":[{"@type":"ReadAction","target":["https:\/\/www.izhiq.org.al\/2023\/02\/24\/histori-biznesi-florina-nesimi-rabdisht-diber\/"]}]},{"@type":"ImageObject","inLanguage":"en-US","@id":"https:\/\/www.izhiq.org.al\/2023\/02\/24\/histori-biznesi-florina-nesimi-rabdisht-diber\/#primaryimage","url":"https:\/\/www.izhiq.org.al\/wp-content\/uploads\/2023\/02\/1.png","contentUrl":"https:\/\/www.izhiq.org.al\/wp-content\/uploads\/2023\/02\/1.png","width":1640,"height":924},{"@type":"BreadcrumbList","@id":"https:\/\/www.izhiq.org.al\/2023\/02\/24\/histori-biznesi-florina-nesimi-rabdisht-diber\/#breadcrumb","itemListElement":[{"@type":"ListItem","position":1,"name":"Home","item":"https:\/\/www.izhiq.org.al\/"},{"@type":"ListItem","position":2,"name":"Histori biznesi: Florina Nesimi (Rabdisht, Dib\u00ebr)"}]},{"@type":"WebSite","@id":"https:\/\/www.izhiq.org.al\/#website","url":"https:\/\/www.izhiq.org.al\/","name":"Instituti per Zhvillim dhe Inisiativa Qytetare","description":"Instituti per Zhvillim dhe Inisiativa Qytetare","potentialAction":[{"@type":"SearchAction","target":{"@type":"EntryPoint","urlTemplate":"https:\/\/www.izhiq.org.al\/?s={search_term_string}"},"query-input":{"@type":"PropertyValueSpecification","valueRequired":true,"valueName":"search_term_string"}}],"inLanguage":"en-US"},{"@type":"Person","@id":"https:\/\/www.izhiq.org.al\/#\/schema\/person\/eb975c9d487030021f1785effadb2228","name":"Daniela Burnazi","image":{"@type":"ImageObject","inLanguage":"en-US","@id":"https:\/\/secure.gravatar.com\/avatar\/5aa5e701a63f11fd3fd70df1f48f9e23d0db512e36a4b79f45f92af2f58c141b?s=96&d=mm&r=g","url":"https:\/\/secure.gravatar.com\/avatar\/5aa5e701a63f11fd3fd70df1f48f9e23d0db512e36a4b79f45f92af2f58c141b?s=96&d=mm&r=g","contentUrl":"https:\/\/secure.gravatar.com\/avatar\/5aa5e701a63f11fd3fd70df1f48f9e23d0db512e36a4b79f45f92af2f58c141b?s=96&d=mm&r=g","caption":"Daniela Burnazi"},"url":"https:\/\/www.izhiq.org.al\/en\/author\/danielaburnazi\/"}]}},"rttpg_featured_image_url":{"full":["https:\/\/www.izhiq.org.al\/wp-content\/uploads\/2023\/02\/1.png",1640,924,false],"landscape":["https:\/\/www.izhiq.org.al\/wp-content\/uploads\/2023\/02\/1.png",1640,924,false],"portraits":["https:\/\/www.izhiq.org.al\/wp-content\/uploads\/2023\/02\/1.png",1640,924,false],"thumbnail":["https:\/\/www.izhiq.org.al\/wp-content\/uploads\/2023\/02\/1-150x150.png",150,150,true],"medium":["https:\/\/www.izhiq.org.al\/wp-content\/uploads\/2023\/02\/1-300x169.png",300,169,true],"large":["https:\/\/www.izhiq.org.al\/wp-content\/uploads\/2023\/02\/1-1024x577.png",800,451,true],"1536x1536":["https:\/\/www.izhiq.org.al\/wp-content\/uploads\/2023\/02\/1-1536x865.png",1536,865,true],"2048x2048":["https:\/\/www.izhiq.org.al\/wp-content\/uploads\/2023\/02\/1.png",1640,924,false],"trp-custom-language-flag":["https:\/\/www.izhiq.org.al\/wp-content\/uploads\/2023\/02\/1-18x10.png",18,10,true],"vp_sm":["https:\/\/www.izhiq.org.al\/wp-content\/uploads\/2023\/02\/1-500x282.png",500,282,true],"vp_md":["https:\/\/www.izhiq.org.al\/wp-content\/uploads\/2023\/02\/1-800x451.png",800,451,true],"vp_lg":["https:\/\/www.izhiq.org.al\/wp-content\/uploads\/2023\/02\/1-1280x721.png",1280,721,true],"vp_xl":["https:\/\/www.izhiq.org.al\/wp-content\/uploads\/2023\/02\/1.png",1640,924,false],"vp_sm_popup":["https:\/\/www.izhiq.org.al\/wp-content\/uploads\/2023\/02\/1-500x282.png",500,282,true],"vp_md_popup":["https:\/\/www.izhiq.org.al\/wp-content\/uploads\/2023\/02\/1-800x451.png",800,451,true],"vp_xl_popup":["https:\/\/www.izhiq.org.al\/wp-content\/uploads\/2023\/02\/1.png",1640,924,false],"charitypro_small-thumb":["https:\/\/www.izhiq.org.al\/wp-content\/uploads\/2023\/02\/1-400x200.png",400,200,true],"charitypro_medium-thumb":["https:\/\/www.izhiq.org.al\/wp-content\/uploads\/2023\/02\/1-600x300.png",600,300,true],"charitypro_blog-large":["https:\/\/www.izhiq.org.al\/wp-content\/uploads\/2023\/02\/1-800x400.png",800,400,true],"charitypro_croped-thumb":["https:\/\/www.izhiq.org.al\/wp-content\/uploads\/2023\/02\/1-500x306.png",500,306,true],"rt_custom":["https:\/\/www.izhiq.org.al\/wp-content\/uploads\/2023\/02\/1.png",1640,924,false]},"rttpg_author":{"display_name":"Daniela Burnazi","author_link":"https:\/\/www.izhiq.org.al\/en\/author\/danielaburnazi\/"},"rttpg_comment":2,"rttpg_category":"<a href=\"https:\/\/www.izhiq.org.al\/en\/category\/aktivitete\/\" rel=\"category tag\">Aktivitete<\/a> <a href=\"https:\/\/www.izhiq.org.al\/en\/category\/aktivitete-fuqizimi-gruas\/\" rel=\"category tag\">Aktivitete fuqizimi gruas<\/a> <a href=\"https:\/\/www.izhiq.org.al\/en\/category\/projekte-fuqizimi-gruas\/\" rel=\"category tag\">Projekte fuqizimi gruas<\/a>","rttpg_excerpt":"Florina jeton nj\u00eb fshat t\u00eb bukur, nj\u00eb nga m\u00eb t\u00eb bukurit n\u00eb Shqip\u00ebri. Rabdishti ndodhet vet\u00ebm pes\u00eb kilometra larg Peshkopis\u00eb dhe ...","_links":{"self":[{"href":"https:\/\/www.izhiq.org.al\/en\/wp-json\/wp\/v2\/posts\/2316","targetHints":{"allow":["GET"]}}],"collection":[{"href":"https:\/\/www.izhiq.org.al\/en\/wp-json\/wp\/v2\/posts"}],"about":[{"href":"https:\/\/www.izhiq.org.al\/en\/wp-json\/wp\/v2\/types\/post"}],"author":[{"embeddable":true,"href":"https:\/\/www.izhiq.org.al\/en\/wp-json\/wp\/v2\/users\/3"}],"replies":[{"embeddable":true,"href":"https:\/\/www.izhiq.org.al\/en\/wp-json\/wp\/v2\/comments?post=2316"}],"version-history":[{"count":1,"href":"https:\/\/www.izhiq.org.al\/en\/wp-json\/wp\/v2\/posts\/2316\/revisions"}],"predecessor-version":[{"id":2323,"href":"https:\/\/www.izhiq.org.al\/en\/wp-json\/wp\/v2\/posts\/2316\/revisions\/2323"}],"wp:featuredmedia":[{"embeddable":true,"href":"https:\/\/www.izhiq.org.al\/en\/wp-json\/wp\/v2\/media\/2322"}],"wp:attachment":[{"href":"https:\/\/www.izhiq.org.al\/en\/wp-json\/wp\/v2\/media?parent=2316"}],"wp:term":[{"taxonomy":"category","embeddable":true,"href":"https:\/\/www.izhiq.org.al\/en\/wp-json\/wp\/v2\/categories?post=2316"},{"taxonomy":"post_tag","embeddable":true,"href":"https:\/\/www.izhiq.org.al\/en\/wp-json\/wp\/v2\/tags?post=2316"}],"curies":[{"name":"wp","href":"https:\/\/api.w.org\/{rel}","templated":true}]}}