{"id":2354,"date":"2023-04-20T12:23:01","date_gmt":"2023-04-20T12:23:01","guid":{"rendered":"https:\/\/www.izhiq.org.al\/?p=2354"},"modified":"2023-04-20T12:25:49","modified_gmt":"2023-04-20T12:25:49","slug":"historia-e-nje-biznesi-jo-formal-ne-stravec-diber-komposto-recelera-shurupra-etj","status":"publish","type":"post","link":"https:\/\/www.izhiq.org.al\/en\/2023\/04\/20\/historia-e-nje-biznesi-jo-formal-ne-stravec-diber-komposto-recelera-shurupra-etj\/","title":{"rendered":"Historia e nj\u00eb biznesi jo-formal n\u00eb Stravec, Dib\u00ebr: Komposto, re\u00e7el\u00ebra, shurupra etj."},"content":{"rendered":"<p>Emrie Lata \u00a0\u00ebsht\u00eb nj\u00eb nga grat\u00eb e trajnuara nga <a href=\"https:\/\/www.facebook.com\/profile.php?id=100076144527996&amp;__cft__%5b0%5d=AZVHG7y8gwvTB5EVf7vOY2FMo77Lmw_xX7z5QXdcN4fox50hs8fkYX2FTw643eYKd_ayLVKqpwqJqk9Hq4RW6TeVRyQGkKLMTobQhcTCED_KDIjN1MKLqJlG6QJAlBZh4ZK9X9xg1kN4EQIOvcLY7OS2nreoBabwnmqVCbOJHzC1qf5BfLbVBaoTJBrfjmSB694&amp;__tn__=-%5dK-R\">Instituti per Zhvillim dhe Iniciativa Qytetare<\/a> n\u00eb kuad\u00ebr t\u00eb Projektit &#8220;Fuqizimi i rolit t\u00eb gruas n\u00eb zon\u00ebn e Dibr\u00ebs &amp; promovimi i produkteve vendase&#8221; me mb\u00ebshtetjen financiare t\u00eb Programit t\u00eb Granteve t\u00eb Vogla t\u00eb Komisionit p\u00ebr Demokraci t\u00eb Ambasad\u00ebs s\u00eb SHBA n\u00eb Tiran\u00eb <a href=\"https:\/\/www.facebook.com\/usembassytirana?__cft__%5b0%5d=AZVHG7y8gwvTB5EVf7vOY2FMo77Lmw_xX7z5QXdcN4fox50hs8fkYX2FTw643eYKd_ayLVKqpwqJqk9Hq4RW6TeVRyQGkKLMTobQhcTCED_KDIjN1MKLqJlG6QJAlBZh4ZK9X9xg1kN4EQIOvcLY7OS2nreoBabwnmqVCbOJHzC1qf5BfLbVBaoTJBrfjmSB694&amp;__tn__=-%5dK-R\">U.S. Embassy-Tirana<\/a>.<\/p>\n<p>Jan\u00eb nj\u00eb grup prej rreth 10 grash n\u00eb Staravec t\u00eb Dibr\u00ebs q\u00eb prej vitesh punojn\u00eb s\u00eb bashku. Zona \u00ebsht\u00eb e njohur p\u00ebr cil\u00ebsin\u00eb e produkteve agro-bujq\u00ebsore, por ve\u00e7an\u00ebrisht t\u00eb pem\u00ebve frutore. Grat\u00eb, secila n\u00eb sht\u00ebpin\u00eb e vet, prodhojn\u00eb komposto, shurup\u00ebra dhe re\u00e7el\u00ebra t\u00eb llojeve t\u00eb ndryshme, q\u00eb nga kumbulla e ftoi, e deri tek boronica; prodhojn\u00eb turshi domatesh dhe lakre. Edhe pse punojn\u00eb secila n\u00eb sht\u00ebpin\u00eb e saj, ato bashk\u00ebpunojn\u00eb me nj\u00ebra-tjetr\u00ebn p\u00ebr prodhimin e produkteve me cil\u00ebsi. Grat\u00eb konsultohen me nj\u00ebra-tjetr\u00ebn p\u00ebr m\u00ebnyr\u00ebn e prodhimit, paketimit dhe gjetjes s\u00eb tregut t\u00eb shitjes, madje edhe p\u00ebr \u00e7mimin e \u00e7do produkti. Shumic\u00ebn e produkteve i shesin tek t\u00eb afr\u00ebmit e tyre q\u00eb jan\u00eb larguar jasht\u00eb vendit, ose n\u00eb Tiran\u00eb dhe Durr\u00ebs. Shesin edhe tek llixhat, por treg\u00ebtia aty \u00ebsht\u00eb sezonale, vet\u00ebm n\u00eb at\u00eb periudh\u00eb t\u00eb vitit kur dynd\u00ebn klient\u00ebt me probleme sh\u00ebndet\u00ebsore nga i gjith\u00eb vendi.<\/p>\n<p><img loading=\"lazy\" decoding=\"async\" class=\"size-full wp-image-2355 aligncenter\" src=\"https:\/\/www.izhiq.org.al\/wp-content\/uploads\/2023\/04\/Emrije.png\" alt=\"\" width=\"709\" height=\"740\" srcset=\"https:\/\/www.izhiq.org.al\/wp-content\/uploads\/2023\/04\/Emrije.png 709w, https:\/\/www.izhiq.org.al\/wp-content\/uploads\/2023\/04\/Emrije-287x300.png 287w, https:\/\/www.izhiq.org.al\/wp-content\/uploads\/2023\/04\/Emrije-11x12.png 11w, https:\/\/www.izhiq.org.al\/wp-content\/uploads\/2023\/04\/Emrije-500x522.png 500w, https:\/\/www.izhiq.org.al\/wp-content\/uploads\/2023\/04\/Emrije-24x24.png 24w, https:\/\/www.izhiq.org.al\/wp-content\/uploads\/2023\/04\/Emrije-34x36.png 34w, https:\/\/www.izhiq.org.al\/wp-content\/uploads\/2023\/04\/Emrije-46x48.png 46w, https:\/\/www.izhiq.org.al\/wp-content\/uploads\/2023\/04\/Emrije-600x626.png 600w\" sizes=\"auto, (max-width: 709px) 100vw, 709px\" \/>\u201cShesim edhe fruta, tregon Emrie Lata, por \u00ebsht\u00eb shum\u00eb e v\u00ebshtir\u00eb t\u00eb gjesh treg. Sivjet nuk arrit\u00ebm ta shisnim prodhimin.\u201d<\/p>\n<p>Emrija tregon se n\u00eb sht\u00ebpin\u00eb e saj jan\u00eb vet\u00eb i pest\u00eb dhe vet\u00ebm nj\u00ebri \u00ebsht\u00eb i pun\u00ebsuar, t\u00eb tjer\u00ebt jan\u00eb t\u00eb angazhuar n\u00eb pun\u00ebt e buq\u00ebsis\u00eb. Me prodhimet q\u00eb shesin e kan\u00eb t\u00eb v\u00ebshtir\u00eb t\u00eb sigurojn\u00eb t\u00eb ardhura t\u00eb mjaftueshme q\u00eb u mbulojn\u00eb nevojat dhe shpenzimet e vitit.<\/p>\n<p>Familja e Emrijes ka edhe nj\u00eb mulli q\u00eb punon vet\u00ebm pak dit\u00eb n\u00eb muaj. \u201cMulliri pothuaj nuk punon. Tek-tuk vjen ndonj\u00ebri q\u00eb sjell t\u00eb bluaj nj\u00eb dor\u00eb miell, por t\u00eb gjitha shpenzimet ia ha rruga dhe nuk ke \u00e7fare t\u2019i k\u00ebrkosh p\u00ebr bluarjen.\u201d<\/p>\n<p>Emrija, ashtu si shoqet e saj n\u00eb Staravec p\u00ebrballen me v\u00ebshtir\u00ebsi sociale dhe ekonomike, ajo nuk i ka humbur shpresat. \u201cDo vazhdojm\u00eb t\u00eb prodhojm\u00eb dhe t\u00eb shesim. Kemi klient\u00eb q\u00eb i preferojn\u00eb dhe k\u00ebrkojn\u00eb produktet tona, sepse jan\u00eb cil\u00ebsore dhe 100% bio. Por, ne kemi nevoj\u00eb p\u00ebr treg m\u00eb t\u00eb madh dhe t\u00eb sigurt. Me p\u00ebrfundimin e Rrug\u00ebs s\u00eb Arbrit shpresojm\u00eb q\u00eb do t\u00eb arrijm\u00eb t\u00eb lidhemi edhe me tregun e Tiran\u00ebs. Nd\u00ebrkoh\u00eb, n\u00eb faz\u00ebn q\u00eb jemi na nevojitet mb\u00ebshtetja si nga bashkia ashtu edhe nga organizatat.\u201d<\/p>\n<p>&nbsp;<\/p>","protected":false},"excerpt":{"rendered":"<p>Emrie Lata \u00a0\u00ebsht\u00eb nj\u00eb nga grat\u00eb e trajnuara nga Instituti per Zhvillim dhe Iniciativa Qytetare n\u00eb kuad\u00ebr t\u00eb Projektit &#8220;Fuqizimi i &#8230;<\/p>","protected":false},"author":3,"featured_media":2357,"comment_status":"open","ping_status":"open","sticky":false,"template":"","format":"standard","meta":{"_vp_format_video_url":"","_vp_image_focal_point":[],"footnotes":"","_links_to":"","_links_to_target":""},"categories":[48,56,53],"tags":[],"class_list":["post-2354","post","type-post","status-publish","format-standard","hentry","category-aktivitete","category-aktivitete-fuqizimi-gruas","category-projekte-fuqizimi-gruas"],"yoast_head":"<!-- This site is optimized with the Yoast SEO plugin v27.5 - https:\/\/yoast.com\/product\/yoast-seo-wordpress\/ -->\n<title>Historia e nj\u00eb biznesi jo-formal n\u00eb Stravec, Dib\u00ebr: Komposto, re\u00e7el\u00ebra, shurupra etj. - Instituti per Zhvillim dhe Inisiativa Qytetare<\/title>\n<meta name=\"robots\" content=\"index, follow, max-snippet:-1, max-image-preview:large, max-video-preview:-1\" \/>\n<link rel=\"canonical\" href=\"https:\/\/www.izhiq.org.al\/en\/2023\/04\/20\/historia-e-nje-biznesi-jo-formal-ne-stravec-diber-komposto-recelera-shurupra-etj\/\" \/>\n<meta property=\"og:locale\" content=\"en_US\" \/>\n<meta property=\"og:type\" content=\"article\" \/>\n<meta property=\"og:title\" content=\"Historia e nj\u00eb biznesi jo-formal n\u00eb Stravec, Dib\u00ebr: Komposto, re\u00e7el\u00ebra, shurupra etj. - Instituti per Zhvillim dhe Inisiativa Qytetare\" \/>\n<meta property=\"og:description\" content=\"Emrie Lata \u00a0\u00ebsht\u00eb nj\u00eb nga grat\u00eb e trajnuara nga Instituti per Zhvillim dhe Iniciativa Qytetare n\u00eb kuad\u00ebr t\u00eb Projektit &#8220;Fuqizimi i ...\" \/>\n<meta property=\"og:url\" content=\"https:\/\/www.izhiq.org.al\/en\/2023\/04\/20\/historia-e-nje-biznesi-jo-formal-ne-stravec-diber-komposto-recelera-shurupra-etj\/\" \/>\n<meta property=\"og:site_name\" content=\"Instituti per Zhvillim dhe Inisiativa Qytetare\" \/>\n<meta property=\"article:published_time\" content=\"2023-04-20T12:23:01+00:00\" \/>\n<meta property=\"article:modified_time\" content=\"2023-04-20T12:25:49+00:00\" \/>\n<meta property=\"og:image\" content=\"https:\/\/www.izhiq.org.al\/wp-content\/uploads\/2023\/04\/1.png\" \/>\n\t<meta property=\"og:image:width\" content=\"1640\" \/>\n\t<meta property=\"og:image:height\" content=\"924\" \/>\n\t<meta property=\"og:image:type\" content=\"image\/png\" \/>\n<meta name=\"author\" content=\"Daniela Burnazi\" \/>\n<meta name=\"twitter:card\" content=\"summary_large_image\" \/>\n<meta name=\"twitter:label1\" content=\"Written by\" \/>\n\t<meta name=\"twitter:data1\" content=\"Daniela Burnazi\" \/>\n\t<meta name=\"twitter:label2\" content=\"Est. reading time\" \/>\n\t<meta name=\"twitter:data2\" content=\"2 minutes\" \/>\n<script type=\"application\/ld+json\" class=\"yoast-schema-graph\">{\"@context\":\"https:\\\/\\\/schema.org\",\"@graph\":[{\"@type\":\"Article\",\"@id\":\"https:\\\/\\\/www.izhiq.org.al\\\/2023\\\/04\\\/20\\\/historia-e-nje-biznesi-jo-formal-ne-stravec-diber-komposto-recelera-shurupra-etj\\\/#article\",\"isPartOf\":{\"@id\":\"https:\\\/\\\/www.izhiq.org.al\\\/2023\\\/04\\\/20\\\/historia-e-nje-biznesi-jo-formal-ne-stravec-diber-komposto-recelera-shurupra-etj\\\/\"},\"author\":{\"name\":\"Daniela Burnazi\",\"@id\":\"https:\\\/\\\/www.izhiq.org.al\\\/#\\\/schema\\\/person\\\/eb975c9d487030021f1785effadb2228\"},\"headline\":\"Historia e nj\u00eb biznesi jo-formal n\u00eb Stravec, Dib\u00ebr: Komposto, re\u00e7el\u00ebra, shurupra etj.\",\"datePublished\":\"2023-04-20T12:23:01+00:00\",\"dateModified\":\"2023-04-20T12:25:49+00:00\",\"mainEntityOfPage\":{\"@id\":\"https:\\\/\\\/www.izhiq.org.al\\\/2023\\\/04\\\/20\\\/historia-e-nje-biznesi-jo-formal-ne-stravec-diber-komposto-recelera-shurupra-etj\\\/\"},\"wordCount\":477,\"commentCount\":0,\"image\":{\"@id\":\"https:\\\/\\\/www.izhiq.org.al\\\/2023\\\/04\\\/20\\\/historia-e-nje-biznesi-jo-formal-ne-stravec-diber-komposto-recelera-shurupra-etj\\\/#primaryimage\"},\"thumbnailUrl\":\"https:\\\/\\\/www.izhiq.org.al\\\/wp-content\\\/uploads\\\/2023\\\/04\\\/1.png\",\"articleSection\":[\"Aktivitete\",\"Aktivitete fuqizimi gruas\",\"Projekte fuqizimi gruas\"],\"inLanguage\":\"en-US\",\"potentialAction\":[{\"@type\":\"CommentAction\",\"name\":\"Comment\",\"target\":[\"https:\\\/\\\/www.izhiq.org.al\\\/2023\\\/04\\\/20\\\/historia-e-nje-biznesi-jo-formal-ne-stravec-diber-komposto-recelera-shurupra-etj\\\/#respond\"]}]},{\"@type\":\"WebPage\",\"@id\":\"https:\\\/\\\/www.izhiq.org.al\\\/2023\\\/04\\\/20\\\/historia-e-nje-biznesi-jo-formal-ne-stravec-diber-komposto-recelera-shurupra-etj\\\/\",\"url\":\"https:\\\/\\\/www.izhiq.org.al\\\/2023\\\/04\\\/20\\\/historia-e-nje-biznesi-jo-formal-ne-stravec-diber-komposto-recelera-shurupra-etj\\\/\",\"name\":\"Historia e nj\u00eb biznesi jo-formal n\u00eb Stravec, Dib\u00ebr: Komposto, re\u00e7el\u00ebra, shurupra etj. - Instituti per Zhvillim dhe Inisiativa Qytetare\",\"isPartOf\":{\"@id\":\"https:\\\/\\\/www.izhiq.org.al\\\/#website\"},\"primaryImageOfPage\":{\"@id\":\"https:\\\/\\\/www.izhiq.org.al\\\/2023\\\/04\\\/20\\\/historia-e-nje-biznesi-jo-formal-ne-stravec-diber-komposto-recelera-shurupra-etj\\\/#primaryimage\"},\"image\":{\"@id\":\"https:\\\/\\\/www.izhiq.org.al\\\/2023\\\/04\\\/20\\\/historia-e-nje-biznesi-jo-formal-ne-stravec-diber-komposto-recelera-shurupra-etj\\\/#primaryimage\"},\"thumbnailUrl\":\"https:\\\/\\\/www.izhiq.org.al\\\/wp-content\\\/uploads\\\/2023\\\/04\\\/1.png\",\"datePublished\":\"2023-04-20T12:23:01+00:00\",\"dateModified\":\"2023-04-20T12:25:49+00:00\",\"author\":{\"@id\":\"https:\\\/\\\/www.izhiq.org.al\\\/#\\\/schema\\\/person\\\/eb975c9d487030021f1785effadb2228\"},\"breadcrumb\":{\"@id\":\"https:\\\/\\\/www.izhiq.org.al\\\/2023\\\/04\\\/20\\\/historia-e-nje-biznesi-jo-formal-ne-stravec-diber-komposto-recelera-shurupra-etj\\\/#breadcrumb\"},\"inLanguage\":\"en-US\",\"potentialAction\":[{\"@type\":\"ReadAction\",\"target\":[\"https:\\\/\\\/www.izhiq.org.al\\\/2023\\\/04\\\/20\\\/historia-e-nje-biznesi-jo-formal-ne-stravec-diber-komposto-recelera-shurupra-etj\\\/\"]}]},{\"@type\":\"ImageObject\",\"inLanguage\":\"en-US\",\"@id\":\"https:\\\/\\\/www.izhiq.org.al\\\/2023\\\/04\\\/20\\\/historia-e-nje-biznesi-jo-formal-ne-stravec-diber-komposto-recelera-shurupra-etj\\\/#primaryimage\",\"url\":\"https:\\\/\\\/www.izhiq.org.al\\\/wp-content\\\/uploads\\\/2023\\\/04\\\/1.png\",\"contentUrl\":\"https:\\\/\\\/www.izhiq.org.al\\\/wp-content\\\/uploads\\\/2023\\\/04\\\/1.png\",\"width\":1640,\"height\":924},{\"@type\":\"BreadcrumbList\",\"@id\":\"https:\\\/\\\/www.izhiq.org.al\\\/2023\\\/04\\\/20\\\/historia-e-nje-biznesi-jo-formal-ne-stravec-diber-komposto-recelera-shurupra-etj\\\/#breadcrumb\",\"itemListElement\":[{\"@type\":\"ListItem\",\"position\":1,\"name\":\"Home\",\"item\":\"https:\\\/\\\/www.izhiq.org.al\\\/\"},{\"@type\":\"ListItem\",\"position\":2,\"name\":\"Historia e nj\u00eb biznesi jo-formal n\u00eb Stravec, Dib\u00ebr: Komposto, re\u00e7el\u00ebra, shurupra etj.\"}]},{\"@type\":\"WebSite\",\"@id\":\"https:\\\/\\\/www.izhiq.org.al\\\/#website\",\"url\":\"https:\\\/\\\/www.izhiq.org.al\\\/\",\"name\":\"Instituti per Zhvillim dhe Inisiativa Qytetare\",\"description\":\"Instituti per Zhvillim dhe Inisiativa Qytetare\",\"potentialAction\":[{\"@type\":\"SearchAction\",\"target\":{\"@type\":\"EntryPoint\",\"urlTemplate\":\"https:\\\/\\\/www.izhiq.org.al\\\/?s={search_term_string}\"},\"query-input\":{\"@type\":\"PropertyValueSpecification\",\"valueRequired\":true,\"valueName\":\"search_term_string\"}}],\"inLanguage\":\"en-US\"},{\"@type\":\"Person\",\"@id\":\"https:\\\/\\\/www.izhiq.org.al\\\/#\\\/schema\\\/person\\\/eb975c9d487030021f1785effadb2228\",\"name\":\"Daniela Burnazi\",\"image\":{\"@type\":\"ImageObject\",\"inLanguage\":\"en-US\",\"@id\":\"https:\\\/\\\/secure.gravatar.com\\\/avatar\\\/5aa5e701a63f11fd3fd70df1f48f9e23d0db512e36a4b79f45f92af2f58c141b?s=96&d=mm&r=g\",\"url\":\"https:\\\/\\\/secure.gravatar.com\\\/avatar\\\/5aa5e701a63f11fd3fd70df1f48f9e23d0db512e36a4b79f45f92af2f58c141b?s=96&d=mm&r=g\",\"contentUrl\":\"https:\\\/\\\/secure.gravatar.com\\\/avatar\\\/5aa5e701a63f11fd3fd70df1f48f9e23d0db512e36a4b79f45f92af2f58c141b?s=96&d=mm&r=g\",\"caption\":\"Daniela Burnazi\"},\"url\":\"https:\\\/\\\/www.izhiq.org.al\\\/en\\\/author\\\/danielaburnazi\\\/\"}]}<\/script>\n<!-- \/ Yoast SEO plugin. -->","yoast_head_json":{"title":"Historia e nj\u00eb biznesi jo-formal n\u00eb Stravec, Dib\u00ebr: Komposto, re\u00e7el\u00ebra, shurupra etj. - Instituti per Zhvillim dhe Inisiativa Qytetare","robots":{"index":"index","follow":"follow","max-snippet":"max-snippet:-1","max-image-preview":"max-image-preview:large","max-video-preview":"max-video-preview:-1"},"canonical":"https:\/\/www.izhiq.org.al\/en\/2023\/04\/20\/historia-e-nje-biznesi-jo-formal-ne-stravec-diber-komposto-recelera-shurupra-etj\/","og_locale":"en_US","og_type":"article","og_title":"Historia e nj\u00eb biznesi jo-formal n\u00eb Stravec, Dib\u00ebr: Komposto, re\u00e7el\u00ebra, shurupra etj. - Instituti per Zhvillim dhe Inisiativa Qytetare","og_description":"Emrie Lata \u00a0\u00ebsht\u00eb nj\u00eb nga grat\u00eb e trajnuara nga Instituti per Zhvillim dhe Iniciativa Qytetare n\u00eb kuad\u00ebr t\u00eb Projektit &#8220;Fuqizimi i ...","og_url":"https:\/\/www.izhiq.org.al\/en\/2023\/04\/20\/historia-e-nje-biznesi-jo-formal-ne-stravec-diber-komposto-recelera-shurupra-etj\/","og_site_name":"Instituti per Zhvillim dhe Inisiativa Qytetare","article_published_time":"2023-04-20T12:23:01+00:00","article_modified_time":"2023-04-20T12:25:49+00:00","og_image":[{"width":1640,"height":924,"url":"https:\/\/www.izhiq.org.al\/wp-content\/uploads\/2023\/04\/1.png","type":"image\/png"}],"author":"Daniela Burnazi","twitter_card":"summary_large_image","twitter_misc":{"Written by":"Daniela Burnazi","Est. reading time":"2 minutes"},"schema":{"@context":"https:\/\/schema.org","@graph":[{"@type":"Article","@id":"https:\/\/www.izhiq.org.al\/2023\/04\/20\/historia-e-nje-biznesi-jo-formal-ne-stravec-diber-komposto-recelera-shurupra-etj\/#article","isPartOf":{"@id":"https:\/\/www.izhiq.org.al\/2023\/04\/20\/historia-e-nje-biznesi-jo-formal-ne-stravec-diber-komposto-recelera-shurupra-etj\/"},"author":{"name":"Daniela Burnazi","@id":"https:\/\/www.izhiq.org.al\/#\/schema\/person\/eb975c9d487030021f1785effadb2228"},"headline":"Historia e nj\u00eb biznesi jo-formal n\u00eb Stravec, Dib\u00ebr: Komposto, re\u00e7el\u00ebra, shurupra etj.","datePublished":"2023-04-20T12:23:01+00:00","dateModified":"2023-04-20T12:25:49+00:00","mainEntityOfPage":{"@id":"https:\/\/www.izhiq.org.al\/2023\/04\/20\/historia-e-nje-biznesi-jo-formal-ne-stravec-diber-komposto-recelera-shurupra-etj\/"},"wordCount":477,"commentCount":0,"image":{"@id":"https:\/\/www.izhiq.org.al\/2023\/04\/20\/historia-e-nje-biznesi-jo-formal-ne-stravec-diber-komposto-recelera-shurupra-etj\/#primaryimage"},"thumbnailUrl":"https:\/\/www.izhiq.org.al\/wp-content\/uploads\/2023\/04\/1.png","articleSection":["Aktivitete","Aktivitete fuqizimi gruas","Projekte fuqizimi gruas"],"inLanguage":"en-US","potentialAction":[{"@type":"CommentAction","name":"Comment","target":["https:\/\/www.izhiq.org.al\/2023\/04\/20\/historia-e-nje-biznesi-jo-formal-ne-stravec-diber-komposto-recelera-shurupra-etj\/#respond"]}]},{"@type":"WebPage","@id":"https:\/\/www.izhiq.org.al\/2023\/04\/20\/historia-e-nje-biznesi-jo-formal-ne-stravec-diber-komposto-recelera-shurupra-etj\/","url":"https:\/\/www.izhiq.org.al\/2023\/04\/20\/historia-e-nje-biznesi-jo-formal-ne-stravec-diber-komposto-recelera-shurupra-etj\/","name":"Historia e nj\u00eb biznesi jo-formal n\u00eb Stravec, Dib\u00ebr: Komposto, re\u00e7el\u00ebra, shurupra etj. - Instituti per Zhvillim dhe Inisiativa Qytetare","isPartOf":{"@id":"https:\/\/www.izhiq.org.al\/#website"},"primaryImageOfPage":{"@id":"https:\/\/www.izhiq.org.al\/2023\/04\/20\/historia-e-nje-biznesi-jo-formal-ne-stravec-diber-komposto-recelera-shurupra-etj\/#primaryimage"},"image":{"@id":"https:\/\/www.izhiq.org.al\/2023\/04\/20\/historia-e-nje-biznesi-jo-formal-ne-stravec-diber-komposto-recelera-shurupra-etj\/#primaryimage"},"thumbnailUrl":"https:\/\/www.izhiq.org.al\/wp-content\/uploads\/2023\/04\/1.png","datePublished":"2023-04-20T12:23:01+00:00","dateModified":"2023-04-20T12:25:49+00:00","author":{"@id":"https:\/\/www.izhiq.org.al\/#\/schema\/person\/eb975c9d487030021f1785effadb2228"},"breadcrumb":{"@id":"https:\/\/www.izhiq.org.al\/2023\/04\/20\/historia-e-nje-biznesi-jo-formal-ne-stravec-diber-komposto-recelera-shurupra-etj\/#breadcrumb"},"inLanguage":"en-US","potentialAction":[{"@type":"ReadAction","target":["https:\/\/www.izhiq.org.al\/2023\/04\/20\/historia-e-nje-biznesi-jo-formal-ne-stravec-diber-komposto-recelera-shurupra-etj\/"]}]},{"@type":"ImageObject","inLanguage":"en-US","@id":"https:\/\/www.izhiq.org.al\/2023\/04\/20\/historia-e-nje-biznesi-jo-formal-ne-stravec-diber-komposto-recelera-shurupra-etj\/#primaryimage","url":"https:\/\/www.izhiq.org.al\/wp-content\/uploads\/2023\/04\/1.png","contentUrl":"https:\/\/www.izhiq.org.al\/wp-content\/uploads\/2023\/04\/1.png","width":1640,"height":924},{"@type":"BreadcrumbList","@id":"https:\/\/www.izhiq.org.al\/2023\/04\/20\/historia-e-nje-biznesi-jo-formal-ne-stravec-diber-komposto-recelera-shurupra-etj\/#breadcrumb","itemListElement":[{"@type":"ListItem","position":1,"name":"Home","item":"https:\/\/www.izhiq.org.al\/"},{"@type":"ListItem","position":2,"name":"Historia e nj\u00eb biznesi jo-formal n\u00eb Stravec, Dib\u00ebr: Komposto, re\u00e7el\u00ebra, shurupra etj."}]},{"@type":"WebSite","@id":"https:\/\/www.izhiq.org.al\/#website","url":"https:\/\/www.izhiq.org.al\/","name":"Instituti per Zhvillim dhe Inisiativa Qytetare","description":"Instituti per Zhvillim dhe Inisiativa Qytetare","potentialAction":[{"@type":"SearchAction","target":{"@type":"EntryPoint","urlTemplate":"https:\/\/www.izhiq.org.al\/?s={search_term_string}"},"query-input":{"@type":"PropertyValueSpecification","valueRequired":true,"valueName":"search_term_string"}}],"inLanguage":"en-US"},{"@type":"Person","@id":"https:\/\/www.izhiq.org.al\/#\/schema\/person\/eb975c9d487030021f1785effadb2228","name":"Daniela Burnazi","image":{"@type":"ImageObject","inLanguage":"en-US","@id":"https:\/\/secure.gravatar.com\/avatar\/5aa5e701a63f11fd3fd70df1f48f9e23d0db512e36a4b79f45f92af2f58c141b?s=96&d=mm&r=g","url":"https:\/\/secure.gravatar.com\/avatar\/5aa5e701a63f11fd3fd70df1f48f9e23d0db512e36a4b79f45f92af2f58c141b?s=96&d=mm&r=g","contentUrl":"https:\/\/secure.gravatar.com\/avatar\/5aa5e701a63f11fd3fd70df1f48f9e23d0db512e36a4b79f45f92af2f58c141b?s=96&d=mm&r=g","caption":"Daniela Burnazi"},"url":"https:\/\/www.izhiq.org.al\/en\/author\/danielaburnazi\/"}]}},"rttpg_featured_image_url":{"full":["https:\/\/www.izhiq.org.al\/wp-content\/uploads\/2023\/04\/1.png",1640,924,false],"landscape":["https:\/\/www.izhiq.org.al\/wp-content\/uploads\/2023\/04\/1.png",1640,924,false],"portraits":["https:\/\/www.izhiq.org.al\/wp-content\/uploads\/2023\/04\/1.png",1640,924,false],"thumbnail":["https:\/\/www.izhiq.org.al\/wp-content\/uploads\/2023\/04\/1-150x150.png",150,150,true],"medium":["https:\/\/www.izhiq.org.al\/wp-content\/uploads\/2023\/04\/1-300x169.png",300,169,true],"large":["https:\/\/www.izhiq.org.al\/wp-content\/uploads\/2023\/04\/1-1024x577.png",800,451,true],"1536x1536":["https:\/\/www.izhiq.org.al\/wp-content\/uploads\/2023\/04\/1-1536x865.png",1536,865,true],"2048x2048":["https:\/\/www.izhiq.org.al\/wp-content\/uploads\/2023\/04\/1.png",1640,924,false],"trp-custom-language-flag":["https:\/\/www.izhiq.org.al\/wp-content\/uploads\/2023\/04\/1-18x10.png",18,10,true],"vp_sm":["https:\/\/www.izhiq.org.al\/wp-content\/uploads\/2023\/04\/1-500x282.png",500,282,true],"vp_md":["https:\/\/www.izhiq.org.al\/wp-content\/uploads\/2023\/04\/1-800x451.png",800,451,true],"vp_lg":["https:\/\/www.izhiq.org.al\/wp-content\/uploads\/2023\/04\/1-1280x721.png",1280,721,true],"vp_xl":["https:\/\/www.izhiq.org.al\/wp-content\/uploads\/2023\/04\/1.png",1640,924,false],"vp_sm_popup":["https:\/\/www.izhiq.org.al\/wp-content\/uploads\/2023\/04\/1-500x282.png",500,282,true],"vp_md_popup":["https:\/\/www.izhiq.org.al\/wp-content\/uploads\/2023\/04\/1-800x451.png",800,451,true],"vp_xl_popup":["https:\/\/www.izhiq.org.al\/wp-content\/uploads\/2023\/04\/1.png",1640,924,false],"charitypro_small-thumb":["https:\/\/www.izhiq.org.al\/wp-content\/uploads\/2023\/04\/1-400x200.png",400,200,true],"charitypro_medium-thumb":["https:\/\/www.izhiq.org.al\/wp-content\/uploads\/2023\/04\/1-600x300.png",600,300,true],"charitypro_blog-large":["https:\/\/www.izhiq.org.al\/wp-content\/uploads\/2023\/04\/1-800x400.png",800,400,true],"charitypro_croped-thumb":["https:\/\/www.izhiq.org.al\/wp-content\/uploads\/2023\/04\/1-500x306.png",500,306,true],"rt_custom":["https:\/\/www.izhiq.org.al\/wp-content\/uploads\/2023\/04\/1.png",1640,924,false]},"rttpg_author":{"display_name":"Daniela Burnazi","author_link":"https:\/\/www.izhiq.org.al\/en\/author\/danielaburnazi\/"},"rttpg_comment":25,"rttpg_category":"<a href=\"https:\/\/www.izhiq.org.al\/en\/category\/aktivitete\/\" rel=\"category tag\">Aktivitete<\/a> <a href=\"https:\/\/www.izhiq.org.al\/en\/category\/aktivitete-fuqizimi-gruas\/\" rel=\"category tag\">Aktivitete fuqizimi gruas<\/a> <a href=\"https:\/\/www.izhiq.org.al\/en\/category\/projekte-fuqizimi-gruas\/\" rel=\"category tag\">Projekte fuqizimi gruas<\/a>","rttpg_excerpt":"Emrie Lata \u00a0\u00ebsht\u00eb nj\u00eb nga grat\u00eb e trajnuara nga Instituti per Zhvillim dhe Iniciativa Qytetare n\u00eb kuad\u00ebr t\u00eb Projektit &#8220;Fuqizimi i ...","_links":{"self":[{"href":"https:\/\/www.izhiq.org.al\/en\/wp-json\/wp\/v2\/posts\/2354","targetHints":{"allow":["GET"]}}],"collection":[{"href":"https:\/\/www.izhiq.org.al\/en\/wp-json\/wp\/v2\/posts"}],"about":[{"href":"https:\/\/www.izhiq.org.al\/en\/wp-json\/wp\/v2\/types\/post"}],"author":[{"embeddable":true,"href":"https:\/\/www.izhiq.org.al\/en\/wp-json\/wp\/v2\/users\/3"}],"replies":[{"embeddable":true,"href":"https:\/\/www.izhiq.org.al\/en\/wp-json\/wp\/v2\/comments?post=2354"}],"version-history":[{"count":1,"href":"https:\/\/www.izhiq.org.al\/en\/wp-json\/wp\/v2\/posts\/2354\/revisions"}],"predecessor-version":[{"id":2358,"href":"https:\/\/www.izhiq.org.al\/en\/wp-json\/wp\/v2\/posts\/2354\/revisions\/2358"}],"wp:featuredmedia":[{"embeddable":true,"href":"https:\/\/www.izhiq.org.al\/en\/wp-json\/wp\/v2\/media\/2357"}],"wp:attachment":[{"href":"https:\/\/www.izhiq.org.al\/en\/wp-json\/wp\/v2\/media?parent=2354"}],"wp:term":[{"taxonomy":"category","embeddable":true,"href":"https:\/\/www.izhiq.org.al\/en\/wp-json\/wp\/v2\/categories?post=2354"},{"taxonomy":"post_tag","embeddable":true,"href":"https:\/\/www.izhiq.org.al\/en\/wp-json\/wp\/v2\/tags?post=2354"}],"curies":[{"name":"wp","href":"https:\/\/api.w.org\/{rel}","templated":true}]}}