{"id":2391,"date":"2023-07-26T08:57:25","date_gmt":"2023-07-26T08:57:25","guid":{"rendered":"https:\/\/www.izhiq.org.al\/?p=2391"},"modified":"2023-07-26T09:02:47","modified_gmt":"2023-07-26T09:02:47","slug":"anila-tosku-histori-biznesi-trepc-diber","status":"publish","type":"post","link":"https:\/\/www.izhiq.org.al\/en\/2023\/07\/26\/anila-tosku-histori-biznesi-trepc-diber\/","title":{"rendered":"Anila Tosku &#8211; Histori biznesi, Arras, Dib\u00ebr"},"content":{"rendered":"<p>Jeta n\u00eb fshat t\u00eb lidh ngusht\u00eb me natyr\u00ebn, me qet\u00ebsin\u00eb e me ajrin e past\u00ebr. N\u00eb Arras banor\u00ebt jan\u00eb shum\u00eb miq\u00ebsor\u00eb dhe mikprit\u00ebs. Anila Tosku, zonja q\u00eb administron bujtin\u00ebn \u201cArber\u201d tregon se e vizitojn\u00eb mjaft turist\u00eb t\u00eb huaj (kryesisht \u00e7ek\u00eb dhe belg\u00eb), por edhe shqiptar\u00eb.<\/p>\n<p><img loading=\"lazy\" decoding=\"async\" class=\"size-vp_lg wp-image-2392 aligncenter\" src=\"https:\/\/www.izhiq.org.al\/wp-content\/uploads\/2023\/07\/IMG-4463-1280x960.jpg\" alt=\"\" width=\"800\" height=\"600\" srcset=\"https:\/\/www.izhiq.org.al\/wp-content\/uploads\/2023\/07\/IMG-4463-1280x960.jpg 1280w, https:\/\/www.izhiq.org.al\/wp-content\/uploads\/2023\/07\/IMG-4463-300x225.jpg 300w, https:\/\/www.izhiq.org.al\/wp-content\/uploads\/2023\/07\/IMG-4463-1024x768.jpg 1024w, https:\/\/www.izhiq.org.al\/wp-content\/uploads\/2023\/07\/IMG-4463-768x576.jpg 768w, https:\/\/www.izhiq.org.al\/wp-content\/uploads\/2023\/07\/IMG-4463-1536x1152.jpg 1536w, https:\/\/www.izhiq.org.al\/wp-content\/uploads\/2023\/07\/IMG-4463-2048x1536.jpg 2048w, https:\/\/www.izhiq.org.al\/wp-content\/uploads\/2023\/07\/IMG-4463-16x12.jpg 16w, https:\/\/www.izhiq.org.al\/wp-content\/uploads\/2023\/07\/IMG-4463-500x375.jpg 500w, https:\/\/www.izhiq.org.al\/wp-content\/uploads\/2023\/07\/IMG-4463-800x600.jpg 800w, https:\/\/www.izhiq.org.al\/wp-content\/uploads\/2023\/07\/IMG-4463-1920x1440.jpg 1920w, https:\/\/www.izhiq.org.al\/wp-content\/uploads\/2023\/07\/IMG-4463-24x18.jpg 24w, https:\/\/www.izhiq.org.al\/wp-content\/uploads\/2023\/07\/IMG-4463-36x27.jpg 36w, https:\/\/www.izhiq.org.al\/wp-content\/uploads\/2023\/07\/IMG-4463-48x36.jpg 48w, https:\/\/www.izhiq.org.al\/wp-content\/uploads\/2023\/07\/IMG-4463-600x450.jpg 600w\" sizes=\"auto, (max-width: 800px) 100vw, 800px\" \/>Ata mbesin shum\u00eb t\u00eb k\u00ebnaqur nga mikpritja dhe nga bukurit\u00eb e fshatit ton\u00eb, me pak fjal\u00eb ne kemi nj\u00eb fshat t\u00eb kompletuar me tradita, kultura dhe mjaft t\u00eb ve\u00e7ant\u00eb p\u00ebr nga bukuria- shton Anila.<\/p>\n<p>Fillimisht bujtina e Anil\u00ebs \u00ebsht\u00eb ngritur si nj\u00eb biznes jo formal q\u00eb n\u00eb vitin 2017. Shkak i ngritjes s\u00eb bujtin\u00ebs u b\u00ebn\u00eb v\u00ebshtir\u00ebsit\u00eb ekonomike dhe dashuria p\u00ebr gatimet tradicionale dibrane dhe ushqimet bio.<\/p>\n<p>Ne jemi 5 antar\u00eb n\u00eb familje dhe t\u00eb gjith\u00eb kontribuojm\u00eb n\u00eb bujtin\u00eb tha Anila. Anila merret me gatimet tradicionale dibrane si byrek, jufka, djath\u00eb dhe \u00e7do gj\u00eb bio, nd\u00ebrsa bashk\u00ebshorti i saj ju b\u00ebn guid\u00eb vizitor\u00ebve n\u00eb malin e Korabit, Lur\u00eb, Kanionin e Set\u00ebs etj, n\u00eb k\u00ebt\u00eb m\u00ebnyr\u00eb ne promovojm\u00eb bukurit\u00eb e vendit ton\u00eb dhe produktet vendase tha. F\u00ebmij\u00ebt i kam angazhuar n\u00eb mbledhjen e frutave dhe perimeve q\u00eb i forojm\u00eb nga ba\u00e7ja jon\u00eb n\u00eb Bujtin\u00eb.<\/p>\n<p><img loading=\"lazy\" decoding=\"async\" class=\"size-vp_lg wp-image-2393 aligncenter\" src=\"https:\/\/www.izhiq.org.al\/wp-content\/uploads\/2023\/07\/462075_278502272248413_959517092_o-1280x1707.jpg\" alt=\"\" width=\"800\" height=\"1067\" srcset=\"https:\/\/www.izhiq.org.al\/wp-content\/uploads\/2023\/07\/462075_278502272248413_959517092_o-1280x1707.jpg 1280w, https:\/\/www.izhiq.org.al\/wp-content\/uploads\/2023\/07\/462075_278502272248413_959517092_o-225x300.jpg 225w, https:\/\/www.izhiq.org.al\/wp-content\/uploads\/2023\/07\/462075_278502272248413_959517092_o-768x1024.jpg 768w, https:\/\/www.izhiq.org.al\/wp-content\/uploads\/2023\/07\/462075_278502272248413_959517092_o-1152x1536.jpg 1152w, https:\/\/www.izhiq.org.al\/wp-content\/uploads\/2023\/07\/462075_278502272248413_959517092_o-9x12.jpg 9w, https:\/\/www.izhiq.org.al\/wp-content\/uploads\/2023\/07\/462075_278502272248413_959517092_o-500x667.jpg 500w, https:\/\/www.izhiq.org.al\/wp-content\/uploads\/2023\/07\/462075_278502272248413_959517092_o-800x1067.jpg 800w, https:\/\/www.izhiq.org.al\/wp-content\/uploads\/2023\/07\/462075_278502272248413_959517092_o-18x24.jpg 18w, https:\/\/www.izhiq.org.al\/wp-content\/uploads\/2023\/07\/462075_278502272248413_959517092_o-27x36.jpg 27w, https:\/\/www.izhiq.org.al\/wp-content\/uploads\/2023\/07\/462075_278502272248413_959517092_o-36x48.jpg 36w, https:\/\/www.izhiq.org.al\/wp-content\/uploads\/2023\/07\/462075_278502272248413_959517092_o-600x800.jpg 600w, https:\/\/www.izhiq.org.al\/wp-content\/uploads\/2023\/07\/462075_278502272248413_959517092_o.jpg 1536w\" sizes=\"auto, (max-width: 800px) 100vw, 800px\" \/>Periudha m\u00eb e mir\u00eb p\u00ebr t\u00eb vizituar bujtin\u00ebn e Anil\u00ebs \u00ebsht\u00eb maj- tetor, nd\u00ebrsa n\u00eb dim\u00ebr hasen me v\u00ebshtir\u00ebsi t\u00eb m\u00ebdha p\u00ebr shkak t\u00eb t\u00eb ftohtit dhe kushteve atmosferike, duke e b\u00ebr\u00eb t\u00eb pamundur pritjen e vizitor\u00ebve.<\/p>\n<p>Pjes\u00ebmarrja n\u00eb tajnime dhe workshope, m\u00eb ka ndihmuar shum\u00eb n\u00eb rritjen e njohurive si ta promovoj biznesin tim dhe patjet\u00ebr si ti sfidoj v\u00ebshtir\u00ebsit\u00eb q\u00eb mund t\u00eb hasim gjat\u00eb rrug\u00ebs.<\/p>\n<p><img loading=\"lazy\" decoding=\"async\" class=\"size-full wp-image-2394 aligncenter\" src=\"https:\/\/www.izhiq.org.al\/wp-content\/uploads\/2023\/07\/350362336_659748512651574_8516658348541698841_n-1.jpg\" alt=\"\" width=\"373\" height=\"280\" srcset=\"https:\/\/www.izhiq.org.al\/wp-content\/uploads\/2023\/07\/350362336_659748512651574_8516658348541698841_n-1.jpg 373w, https:\/\/www.izhiq.org.al\/wp-content\/uploads\/2023\/07\/350362336_659748512651574_8516658348541698841_n-1-300x225.jpg 300w, https:\/\/www.izhiq.org.al\/wp-content\/uploads\/2023\/07\/350362336_659748512651574_8516658348541698841_n-1-16x12.jpg 16w, https:\/\/www.izhiq.org.al\/wp-content\/uploads\/2023\/07\/350362336_659748512651574_8516658348541698841_n-1-24x18.jpg 24w, https:\/\/www.izhiq.org.al\/wp-content\/uploads\/2023\/07\/350362336_659748512651574_8516658348541698841_n-1-36x27.jpg 36w, https:\/\/www.izhiq.org.al\/wp-content\/uploads\/2023\/07\/350362336_659748512651574_8516658348541698841_n-1-48x36.jpg 48w\" sizes=\"auto, (max-width: 373px) 100vw, 373px\" \/> Panairi q\u00eb u organizua n\u00eb muajin Qershor, m\u00eb ndihmoi t\u00eb ftoj sa m\u00eb shum\u00eb vizitor\u00eb n\u00eb bujtin\u00eb dhe t\u00eb ju tregoj p\u00ebr bukurit\u00eb q\u00eb ka fshati Arras (vet\u00ebm 10 minuta nga Peshkopia).<\/p>\n<p>Anila Tosku \u00ebsht\u00eb nj\u00eb nga grat\u00eb e trajnuara nga Instituti per Zhvillim dhe Iniciativa Qytetare n\u00eb kuad\u00ebr t\u00eb Projektit \u201cFuqizimi i rolit t\u00eb gruas n\u00eb zon\u00ebn e Dibr\u00ebs &amp; promovimi i produkteve vendase\u201d me mb\u00ebshtetjen financiare t\u00eb Programit t\u00eb Granteve t\u00eb Vogla t\u00eb Komisionit p\u00ebr Demokraci t\u00eb Ambasad\u00ebs s\u00eb SHBA n\u00eb Tiran\u00eb U.S. Embassy-Tirana.<\/p>\n<p><img loading=\"lazy\" decoding=\"async\" class=\"size-vp_lg wp-image-2395 aligncenter\" src=\"https:\/\/www.izhiq.org.al\/wp-content\/uploads\/2023\/07\/DSC_0669-1280x851.jpg\" alt=\"\" width=\"800\" height=\"532\" srcset=\"https:\/\/www.izhiq.org.al\/wp-content\/uploads\/2023\/07\/DSC_0669-1280x851.jpg 1280w, https:\/\/www.izhiq.org.al\/wp-content\/uploads\/2023\/07\/DSC_0669-300x199.jpg 300w, https:\/\/www.izhiq.org.al\/wp-content\/uploads\/2023\/07\/DSC_0669-1024x681.jpg 1024w, https:\/\/www.izhiq.org.al\/wp-content\/uploads\/2023\/07\/DSC_0669-768x511.jpg 768w, https:\/\/www.izhiq.org.al\/wp-content\/uploads\/2023\/07\/DSC_0669-1536x1021.jpg 1536w, https:\/\/www.izhiq.org.al\/wp-content\/uploads\/2023\/07\/DSC_0669-2048x1362.jpg 2048w, https:\/\/www.izhiq.org.al\/wp-content\/uploads\/2023\/07\/DSC_0669-18x12.jpg 18w, https:\/\/www.izhiq.org.al\/wp-content\/uploads\/2023\/07\/DSC_0669-500x332.jpg 500w, https:\/\/www.izhiq.org.al\/wp-content\/uploads\/2023\/07\/DSC_0669-800x532.jpg 800w, https:\/\/www.izhiq.org.al\/wp-content\/uploads\/2023\/07\/DSC_0669-1920x1277.jpg 1920w, https:\/\/www.izhiq.org.al\/wp-content\/uploads\/2023\/07\/DSC_0669-24x16.jpg 24w, https:\/\/www.izhiq.org.al\/wp-content\/uploads\/2023\/07\/DSC_0669-36x24.jpg 36w, https:\/\/www.izhiq.org.al\/wp-content\/uploads\/2023\/07\/DSC_0669-48x32.jpg 48w, https:\/\/www.izhiq.org.al\/wp-content\/uploads\/2023\/07\/DSC_0669-600x399.jpg 600w\" sizes=\"auto, (max-width: 800px) 100vw, 800px\" \/><\/p>","protected":false},"excerpt":{"rendered":"<p>Jeta n\u00eb fshat t\u00eb lidh ngusht\u00eb me natyr\u00ebn, me qet\u00ebsin\u00eb e me ajrin e past\u00ebr. N\u00eb Arras banor\u00ebt jan\u00eb shum\u00eb miq\u00ebsor\u00eb &#8230;<\/p>","protected":false},"author":3,"featured_media":2396,"comment_status":"open","ping_status":"open","sticky":false,"template":"","format":"standard","meta":{"_vp_format_video_url":"","_vp_image_focal_point":[],"footnotes":"","_links_to":"","_links_to_target":""},"categories":[48,56],"tags":[],"class_list":["post-2391","post","type-post","status-publish","format-standard","hentry","category-aktivitete","category-aktivitete-fuqizimi-gruas"],"yoast_head":"<!-- This site is optimized with the Yoast SEO plugin v27.5 - https:\/\/yoast.com\/product\/yoast-seo-wordpress\/ -->\n<title>Anila Tosku - Histori biznesi, Arras, Dib\u00ebr - Instituti per Zhvillim dhe Inisiativa Qytetare<\/title>\n<meta name=\"robots\" content=\"index, follow, max-snippet:-1, max-image-preview:large, max-video-preview:-1\" \/>\n<link rel=\"canonical\" href=\"https:\/\/www.izhiq.org.al\/en\/2023\/07\/26\/anila-tosku-histori-biznesi-trepc-diber\/\" \/>\n<meta property=\"og:locale\" content=\"en_US\" \/>\n<meta property=\"og:type\" content=\"article\" \/>\n<meta property=\"og:title\" content=\"Anila Tosku - Histori biznesi, Arras, Dib\u00ebr - Instituti per Zhvillim dhe Inisiativa Qytetare\" \/>\n<meta property=\"og:description\" content=\"Jeta n\u00eb fshat t\u00eb lidh ngusht\u00eb me natyr\u00ebn, me qet\u00ebsin\u00eb e me ajrin e past\u00ebr. N\u00eb Arras banor\u00ebt jan\u00eb shum\u00eb miq\u00ebsor\u00eb ...\" \/>\n<meta property=\"og:url\" content=\"https:\/\/www.izhiq.org.al\/en\/2023\/07\/26\/anila-tosku-histori-biznesi-trepc-diber\/\" \/>\n<meta property=\"og:site_name\" content=\"Instituti per Zhvillim dhe Inisiativa Qytetare\" \/>\n<meta property=\"article:published_time\" content=\"2023-07-26T08:57:25+00:00\" \/>\n<meta property=\"article:modified_time\" content=\"2023-07-26T09:02:47+00:00\" \/>\n<meta property=\"og:image\" content=\"https:\/\/www.izhiq.org.al\/wp-content\/uploads\/2023\/07\/IMG-4481-scaled.jpg\" \/>\n\t<meta property=\"og:image:width\" content=\"1920\" \/>\n\t<meta property=\"og:image:height\" content=\"2560\" \/>\n\t<meta property=\"og:image:type\" content=\"image\/jpeg\" \/>\n<meta name=\"author\" content=\"Daniela Burnazi\" \/>\n<meta name=\"twitter:card\" content=\"summary_large_image\" \/>\n<meta name=\"twitter:label1\" content=\"Written by\" \/>\n\t<meta name=\"twitter:data1\" content=\"Daniela Burnazi\" \/>\n\t<meta name=\"twitter:label2\" content=\"Est. reading time\" \/>\n\t<meta name=\"twitter:data2\" content=\"3 minutes\" \/>\n<script type=\"application\/ld+json\" class=\"yoast-schema-graph\">{\"@context\":\"https:\\\/\\\/schema.org\",\"@graph\":[{\"@type\":\"Article\",\"@id\":\"https:\\\/\\\/www.izhiq.org.al\\\/2023\\\/07\\\/26\\\/anila-tosku-histori-biznesi-trepc-diber\\\/#article\",\"isPartOf\":{\"@id\":\"https:\\\/\\\/www.izhiq.org.al\\\/2023\\\/07\\\/26\\\/anila-tosku-histori-biznesi-trepc-diber\\\/\"},\"author\":{\"name\":\"Daniela Burnazi\",\"@id\":\"https:\\\/\\\/www.izhiq.org.al\\\/#\\\/schema\\\/person\\\/eb975c9d487030021f1785effadb2228\"},\"headline\":\"Anila Tosku &#8211; Histori biznesi, Arras, Dib\u00ebr\",\"datePublished\":\"2023-07-26T08:57:25+00:00\",\"dateModified\":\"2023-07-26T09:02:47+00:00\",\"mainEntityOfPage\":{\"@id\":\"https:\\\/\\\/www.izhiq.org.al\\\/2023\\\/07\\\/26\\\/anila-tosku-histori-biznesi-trepc-diber\\\/\"},\"wordCount\":397,\"commentCount\":0,\"image\":{\"@id\":\"https:\\\/\\\/www.izhiq.org.al\\\/2023\\\/07\\\/26\\\/anila-tosku-histori-biznesi-trepc-diber\\\/#primaryimage\"},\"thumbnailUrl\":\"https:\\\/\\\/www.izhiq.org.al\\\/wp-content\\\/uploads\\\/2023\\\/07\\\/IMG-4481-scaled.jpg\",\"articleSection\":[\"Aktivitete\",\"Aktivitete fuqizimi gruas\"],\"inLanguage\":\"en-US\",\"potentialAction\":[{\"@type\":\"CommentAction\",\"name\":\"Comment\",\"target\":[\"https:\\\/\\\/www.izhiq.org.al\\\/2023\\\/07\\\/26\\\/anila-tosku-histori-biznesi-trepc-diber\\\/#respond\"]}]},{\"@type\":\"WebPage\",\"@id\":\"https:\\\/\\\/www.izhiq.org.al\\\/2023\\\/07\\\/26\\\/anila-tosku-histori-biznesi-trepc-diber\\\/\",\"url\":\"https:\\\/\\\/www.izhiq.org.al\\\/2023\\\/07\\\/26\\\/anila-tosku-histori-biznesi-trepc-diber\\\/\",\"name\":\"Anila Tosku - Histori biznesi, Arras, Dib\u00ebr - Instituti per Zhvillim dhe Inisiativa Qytetare\",\"isPartOf\":{\"@id\":\"https:\\\/\\\/www.izhiq.org.al\\\/#website\"},\"primaryImageOfPage\":{\"@id\":\"https:\\\/\\\/www.izhiq.org.al\\\/2023\\\/07\\\/26\\\/anila-tosku-histori-biznesi-trepc-diber\\\/#primaryimage\"},\"image\":{\"@id\":\"https:\\\/\\\/www.izhiq.org.al\\\/2023\\\/07\\\/26\\\/anila-tosku-histori-biznesi-trepc-diber\\\/#primaryimage\"},\"thumbnailUrl\":\"https:\\\/\\\/www.izhiq.org.al\\\/wp-content\\\/uploads\\\/2023\\\/07\\\/IMG-4481-scaled.jpg\",\"datePublished\":\"2023-07-26T08:57:25+00:00\",\"dateModified\":\"2023-07-26T09:02:47+00:00\",\"author\":{\"@id\":\"https:\\\/\\\/www.izhiq.org.al\\\/#\\\/schema\\\/person\\\/eb975c9d487030021f1785effadb2228\"},\"breadcrumb\":{\"@id\":\"https:\\\/\\\/www.izhiq.org.al\\\/2023\\\/07\\\/26\\\/anila-tosku-histori-biznesi-trepc-diber\\\/#breadcrumb\"},\"inLanguage\":\"en-US\",\"potentialAction\":[{\"@type\":\"ReadAction\",\"target\":[\"https:\\\/\\\/www.izhiq.org.al\\\/2023\\\/07\\\/26\\\/anila-tosku-histori-biznesi-trepc-diber\\\/\"]}]},{\"@type\":\"ImageObject\",\"inLanguage\":\"en-US\",\"@id\":\"https:\\\/\\\/www.izhiq.org.al\\\/2023\\\/07\\\/26\\\/anila-tosku-histori-biznesi-trepc-diber\\\/#primaryimage\",\"url\":\"https:\\\/\\\/www.izhiq.org.al\\\/wp-content\\\/uploads\\\/2023\\\/07\\\/IMG-4481-scaled.jpg\",\"contentUrl\":\"https:\\\/\\\/www.izhiq.org.al\\\/wp-content\\\/uploads\\\/2023\\\/07\\\/IMG-4481-scaled.jpg\",\"width\":1920,\"height\":2560},{\"@type\":\"BreadcrumbList\",\"@id\":\"https:\\\/\\\/www.izhiq.org.al\\\/2023\\\/07\\\/26\\\/anila-tosku-histori-biznesi-trepc-diber\\\/#breadcrumb\",\"itemListElement\":[{\"@type\":\"ListItem\",\"position\":1,\"name\":\"Home\",\"item\":\"https:\\\/\\\/www.izhiq.org.al\\\/\"},{\"@type\":\"ListItem\",\"position\":2,\"name\":\"Anila Tosku &#8211; Histori biznesi, Arras, Dib\u00ebr\"}]},{\"@type\":\"WebSite\",\"@id\":\"https:\\\/\\\/www.izhiq.org.al\\\/#website\",\"url\":\"https:\\\/\\\/www.izhiq.org.al\\\/\",\"name\":\"Instituti per Zhvillim dhe Inisiativa Qytetare\",\"description\":\"Instituti per Zhvillim dhe Inisiativa Qytetare\",\"potentialAction\":[{\"@type\":\"SearchAction\",\"target\":{\"@type\":\"EntryPoint\",\"urlTemplate\":\"https:\\\/\\\/www.izhiq.org.al\\\/?s={search_term_string}\"},\"query-input\":{\"@type\":\"PropertyValueSpecification\",\"valueRequired\":true,\"valueName\":\"search_term_string\"}}],\"inLanguage\":\"en-US\"},{\"@type\":\"Person\",\"@id\":\"https:\\\/\\\/www.izhiq.org.al\\\/#\\\/schema\\\/person\\\/eb975c9d487030021f1785effadb2228\",\"name\":\"Daniela Burnazi\",\"image\":{\"@type\":\"ImageObject\",\"inLanguage\":\"en-US\",\"@id\":\"https:\\\/\\\/secure.gravatar.com\\\/avatar\\\/5aa5e701a63f11fd3fd70df1f48f9e23d0db512e36a4b79f45f92af2f58c141b?s=96&d=mm&r=g\",\"url\":\"https:\\\/\\\/secure.gravatar.com\\\/avatar\\\/5aa5e701a63f11fd3fd70df1f48f9e23d0db512e36a4b79f45f92af2f58c141b?s=96&d=mm&r=g\",\"contentUrl\":\"https:\\\/\\\/secure.gravatar.com\\\/avatar\\\/5aa5e701a63f11fd3fd70df1f48f9e23d0db512e36a4b79f45f92af2f58c141b?s=96&d=mm&r=g\",\"caption\":\"Daniela Burnazi\"},\"url\":\"https:\\\/\\\/www.izhiq.org.al\\\/en\\\/author\\\/danielaburnazi\\\/\"}]}<\/script>\n<!-- \/ Yoast SEO plugin. -->","yoast_head_json":{"title":"Anila Tosku - Histori biznesi, Arras, Dib\u00ebr - Instituti per Zhvillim dhe Inisiativa Qytetare","robots":{"index":"index","follow":"follow","max-snippet":"max-snippet:-1","max-image-preview":"max-image-preview:large","max-video-preview":"max-video-preview:-1"},"canonical":"https:\/\/www.izhiq.org.al\/en\/2023\/07\/26\/anila-tosku-histori-biznesi-trepc-diber\/","og_locale":"en_US","og_type":"article","og_title":"Anila Tosku - Histori biznesi, Arras, Dib\u00ebr - Instituti per Zhvillim dhe Inisiativa Qytetare","og_description":"Jeta n\u00eb fshat t\u00eb lidh ngusht\u00eb me natyr\u00ebn, me qet\u00ebsin\u00eb e me ajrin e past\u00ebr. N\u00eb Arras banor\u00ebt jan\u00eb shum\u00eb miq\u00ebsor\u00eb ...","og_url":"https:\/\/www.izhiq.org.al\/en\/2023\/07\/26\/anila-tosku-histori-biznesi-trepc-diber\/","og_site_name":"Instituti per Zhvillim dhe Inisiativa Qytetare","article_published_time":"2023-07-26T08:57:25+00:00","article_modified_time":"2023-07-26T09:02:47+00:00","og_image":[{"width":1920,"height":2560,"url":"https:\/\/www.izhiq.org.al\/wp-content\/uploads\/2023\/07\/IMG-4481-scaled.jpg","type":"image\/jpeg"}],"author":"Daniela Burnazi","twitter_card":"summary_large_image","twitter_misc":{"Written by":"Daniela Burnazi","Est. reading time":"3 minutes"},"schema":{"@context":"https:\/\/schema.org","@graph":[{"@type":"Article","@id":"https:\/\/www.izhiq.org.al\/2023\/07\/26\/anila-tosku-histori-biznesi-trepc-diber\/#article","isPartOf":{"@id":"https:\/\/www.izhiq.org.al\/2023\/07\/26\/anila-tosku-histori-biznesi-trepc-diber\/"},"author":{"name":"Daniela Burnazi","@id":"https:\/\/www.izhiq.org.al\/#\/schema\/person\/eb975c9d487030021f1785effadb2228"},"headline":"Anila Tosku &#8211; Histori biznesi, Arras, Dib\u00ebr","datePublished":"2023-07-26T08:57:25+00:00","dateModified":"2023-07-26T09:02:47+00:00","mainEntityOfPage":{"@id":"https:\/\/www.izhiq.org.al\/2023\/07\/26\/anila-tosku-histori-biznesi-trepc-diber\/"},"wordCount":397,"commentCount":0,"image":{"@id":"https:\/\/www.izhiq.org.al\/2023\/07\/26\/anila-tosku-histori-biznesi-trepc-diber\/#primaryimage"},"thumbnailUrl":"https:\/\/www.izhiq.org.al\/wp-content\/uploads\/2023\/07\/IMG-4481-scaled.jpg","articleSection":["Aktivitete","Aktivitete fuqizimi gruas"],"inLanguage":"en-US","potentialAction":[{"@type":"CommentAction","name":"Comment","target":["https:\/\/www.izhiq.org.al\/2023\/07\/26\/anila-tosku-histori-biznesi-trepc-diber\/#respond"]}]},{"@type":"WebPage","@id":"https:\/\/www.izhiq.org.al\/2023\/07\/26\/anila-tosku-histori-biznesi-trepc-diber\/","url":"https:\/\/www.izhiq.org.al\/2023\/07\/26\/anila-tosku-histori-biznesi-trepc-diber\/","name":"Anila Tosku - Histori biznesi, Arras, Dib\u00ebr - Instituti per Zhvillim dhe Inisiativa Qytetare","isPartOf":{"@id":"https:\/\/www.izhiq.org.al\/#website"},"primaryImageOfPage":{"@id":"https:\/\/www.izhiq.org.al\/2023\/07\/26\/anila-tosku-histori-biznesi-trepc-diber\/#primaryimage"},"image":{"@id":"https:\/\/www.izhiq.org.al\/2023\/07\/26\/anila-tosku-histori-biznesi-trepc-diber\/#primaryimage"},"thumbnailUrl":"https:\/\/www.izhiq.org.al\/wp-content\/uploads\/2023\/07\/IMG-4481-scaled.jpg","datePublished":"2023-07-26T08:57:25+00:00","dateModified":"2023-07-26T09:02:47+00:00","author":{"@id":"https:\/\/www.izhiq.org.al\/#\/schema\/person\/eb975c9d487030021f1785effadb2228"},"breadcrumb":{"@id":"https:\/\/www.izhiq.org.al\/2023\/07\/26\/anila-tosku-histori-biznesi-trepc-diber\/#breadcrumb"},"inLanguage":"en-US","potentialAction":[{"@type":"ReadAction","target":["https:\/\/www.izhiq.org.al\/2023\/07\/26\/anila-tosku-histori-biznesi-trepc-diber\/"]}]},{"@type":"ImageObject","inLanguage":"en-US","@id":"https:\/\/www.izhiq.org.al\/2023\/07\/26\/anila-tosku-histori-biznesi-trepc-diber\/#primaryimage","url":"https:\/\/www.izhiq.org.al\/wp-content\/uploads\/2023\/07\/IMG-4481-scaled.jpg","contentUrl":"https:\/\/www.izhiq.org.al\/wp-content\/uploads\/2023\/07\/IMG-4481-scaled.jpg","width":1920,"height":2560},{"@type":"BreadcrumbList","@id":"https:\/\/www.izhiq.org.al\/2023\/07\/26\/anila-tosku-histori-biznesi-trepc-diber\/#breadcrumb","itemListElement":[{"@type":"ListItem","position":1,"name":"Home","item":"https:\/\/www.izhiq.org.al\/"},{"@type":"ListItem","position":2,"name":"Anila Tosku &#8211; Histori biznesi, Arras, Dib\u00ebr"}]},{"@type":"WebSite","@id":"https:\/\/www.izhiq.org.al\/#website","url":"https:\/\/www.izhiq.org.al\/","name":"Instituti per Zhvillim dhe Inisiativa Qytetare","description":"Instituti per Zhvillim dhe Inisiativa Qytetare","potentialAction":[{"@type":"SearchAction","target":{"@type":"EntryPoint","urlTemplate":"https:\/\/www.izhiq.org.al\/?s={search_term_string}"},"query-input":{"@type":"PropertyValueSpecification","valueRequired":true,"valueName":"search_term_string"}}],"inLanguage":"en-US"},{"@type":"Person","@id":"https:\/\/www.izhiq.org.al\/#\/schema\/person\/eb975c9d487030021f1785effadb2228","name":"Daniela Burnazi","image":{"@type":"ImageObject","inLanguage":"en-US","@id":"https:\/\/secure.gravatar.com\/avatar\/5aa5e701a63f11fd3fd70df1f48f9e23d0db512e36a4b79f45f92af2f58c141b?s=96&d=mm&r=g","url":"https:\/\/secure.gravatar.com\/avatar\/5aa5e701a63f11fd3fd70df1f48f9e23d0db512e36a4b79f45f92af2f58c141b?s=96&d=mm&r=g","contentUrl":"https:\/\/secure.gravatar.com\/avatar\/5aa5e701a63f11fd3fd70df1f48f9e23d0db512e36a4b79f45f92af2f58c141b?s=96&d=mm&r=g","caption":"Daniela Burnazi"},"url":"https:\/\/www.izhiq.org.al\/en\/author\/danielaburnazi\/"}]}},"rttpg_featured_image_url":{"full":["https:\/\/www.izhiq.org.al\/wp-content\/uploads\/2023\/07\/IMG-4481-scaled.jpg",1920,2560,false],"landscape":["https:\/\/www.izhiq.org.al\/wp-content\/uploads\/2023\/07\/IMG-4481-scaled.jpg",1920,2560,false],"portraits":["https:\/\/www.izhiq.org.al\/wp-content\/uploads\/2023\/07\/IMG-4481-scaled.jpg",1920,2560,false],"thumbnail":["https:\/\/www.izhiq.org.al\/wp-content\/uploads\/2023\/07\/IMG-4481-150x150.jpg",150,150,true],"medium":["https:\/\/www.izhiq.org.al\/wp-content\/uploads\/2023\/07\/IMG-4481-225x300.jpg",225,300,true],"large":["https:\/\/www.izhiq.org.al\/wp-content\/uploads\/2023\/07\/IMG-4481-768x1024.jpg",768,1024,true],"1536x1536":["https:\/\/www.izhiq.org.al\/wp-content\/uploads\/2023\/07\/IMG-4481-1152x1536.jpg",1152,1536,true],"2048x2048":["https:\/\/www.izhiq.org.al\/wp-content\/uploads\/2023\/07\/IMG-4481-1536x2048.jpg",1536,2048,true],"trp-custom-language-flag":["https:\/\/www.izhiq.org.al\/wp-content\/uploads\/2023\/07\/IMG-4481-9x12.jpg",9,12,true],"vp_sm":["https:\/\/www.izhiq.org.al\/wp-content\/uploads\/2023\/07\/IMG-4481-500x667.jpg",500,667,true],"vp_md":["https:\/\/www.izhiq.org.al\/wp-content\/uploads\/2023\/07\/IMG-4481-800x1067.jpg",800,1067,true],"vp_lg":["https:\/\/www.izhiq.org.al\/wp-content\/uploads\/2023\/07\/IMG-4481-1280x1707.jpg",1280,1707,true],"vp_xl":["https:\/\/www.izhiq.org.al\/wp-content\/uploads\/2023\/07\/IMG-4481-1920x2560.jpg",1920,2560,true],"vp_sm_popup":["https:\/\/www.izhiq.org.al\/wp-content\/uploads\/2023\/07\/IMG-4481-500x667.jpg",500,667,true],"vp_md_popup":["https:\/\/www.izhiq.org.al\/wp-content\/uploads\/2023\/07\/IMG-4481-800x1067.jpg",800,1067,true],"vp_xl_popup":["https:\/\/www.izhiq.org.al\/wp-content\/uploads\/2023\/07\/IMG-4481-1920x2560.jpg",1920,2560,true],"charitypro_small-thumb":["https:\/\/www.izhiq.org.al\/wp-content\/uploads\/2023\/07\/IMG-4481-400x200.jpg",400,200,true],"charitypro_medium-thumb":["https:\/\/www.izhiq.org.al\/wp-content\/uploads\/2023\/07\/IMG-4481-600x300.jpg",600,300,true],"charitypro_blog-large":["https:\/\/www.izhiq.org.al\/wp-content\/uploads\/2023\/07\/IMG-4481-800x400.jpg",800,400,true],"charitypro_croped-thumb":["https:\/\/www.izhiq.org.al\/wp-content\/uploads\/2023\/07\/IMG-4481-500x306.jpg",500,306,true],"rt_custom":["https:\/\/www.izhiq.org.al\/wp-content\/uploads\/2023\/07\/IMG-4481-scaled.jpg",1920,2560,false]},"rttpg_author":{"display_name":"Daniela Burnazi","author_link":"https:\/\/www.izhiq.org.al\/en\/author\/danielaburnazi\/"},"rttpg_comment":27,"rttpg_category":"<a href=\"https:\/\/www.izhiq.org.al\/en\/category\/aktivitete\/\" rel=\"category tag\">Aktivitete<\/a> <a href=\"https:\/\/www.izhiq.org.al\/en\/category\/aktivitete-fuqizimi-gruas\/\" rel=\"category tag\">Aktivitete fuqizimi gruas<\/a>","rttpg_excerpt":"Jeta n\u00eb fshat t\u00eb lidh ngusht\u00eb me natyr\u00ebn, me qet\u00ebsin\u00eb e me ajrin e past\u00ebr. N\u00eb Arras banor\u00ebt jan\u00eb shum\u00eb miq\u00ebsor\u00eb ...","_links":{"self":[{"href":"https:\/\/www.izhiq.org.al\/en\/wp-json\/wp\/v2\/posts\/2391","targetHints":{"allow":["GET"]}}],"collection":[{"href":"https:\/\/www.izhiq.org.al\/en\/wp-json\/wp\/v2\/posts"}],"about":[{"href":"https:\/\/www.izhiq.org.al\/en\/wp-json\/wp\/v2\/types\/post"}],"author":[{"embeddable":true,"href":"https:\/\/www.izhiq.org.al\/en\/wp-json\/wp\/v2\/users\/3"}],"replies":[{"embeddable":true,"href":"https:\/\/www.izhiq.org.al\/en\/wp-json\/wp\/v2\/comments?post=2391"}],"version-history":[{"count":4,"href":"https:\/\/www.izhiq.org.al\/en\/wp-json\/wp\/v2\/posts\/2391\/revisions"}],"predecessor-version":[{"id":2400,"href":"https:\/\/www.izhiq.org.al\/en\/wp-json\/wp\/v2\/posts\/2391\/revisions\/2400"}],"wp:featuredmedia":[{"embeddable":true,"href":"https:\/\/www.izhiq.org.al\/en\/wp-json\/wp\/v2\/media\/2396"}],"wp:attachment":[{"href":"https:\/\/www.izhiq.org.al\/en\/wp-json\/wp\/v2\/media?parent=2391"}],"wp:term":[{"taxonomy":"category","embeddable":true,"href":"https:\/\/www.izhiq.org.al\/en\/wp-json\/wp\/v2\/categories?post=2391"},{"taxonomy":"post_tag","embeddable":true,"href":"https:\/\/www.izhiq.org.al\/en\/wp-json\/wp\/v2\/tags?post=2391"}],"curies":[{"name":"wp","href":"https:\/\/api.w.org\/{rel}","templated":true}]}}